
			
				

					
				

			
		{"items":"\n\t\t\t\t\t\t\t\t\t\t\t\t\t\t<link rel=\"stylesheet\" id=\"wd-post-types-mod-categories-style-bg-css\" href=\"https:\/\/www.eautotoltokabel.hu\/wp-content\/themes\/woodmart\/css\/parts\/post-types-mod-categories-style-bg.min.css?ver=8.3.8\" type=\"text\/css\" media=\"all\" \/> \t\t\t\n<article id=\"post-7815\" class=\"wd-post blog-design-masonry blog-post-loop blog-style-bg wd-add-shadow wd-col post-7815 post type-post status-publish format-standard has-post-thumbnail hentry category-nissan tag-nissan-e-nv200\">\n\t<div class=\"wd-post-inner article-inner\">\n\t\t\t\t\t<div class=\"wd-post-thumb entry-header\">\n\t\t\t\t\t\t\t\t\t<div class=\"wd-post-img post-img-wrapp\">\n\t\t\t\t\t\t<img width=\"1200\" height=\"600\" src=\"https:\/\/www.eautotoltokabel.hu\/wp-content\/uploads\/2019\/11\/Nissan-E-NV200_v2.jpg\" class=\"attachment- size-\" alt=\"Nissan E-NV200 24kWh kisbusz\" decoding=\"async\" fetchpriority=\"high\" srcset=\"https:\/\/www.eautotoltokabel.hu\/wp-content\/uploads\/2019\/11\/Nissan-E-NV200_v2.jpg 1200w, https:\/\/www.eautotoltokabel.hu\/wp-content\/uploads\/2019\/11\/Nissan-E-NV200_v2-150x75.jpg 150w, https:\/\/www.eautotoltokabel.hu\/wp-content\/uploads\/2019\/11\/Nissan-E-NV200_v2-920x460.jpg 920w, https:\/\/www.eautotoltokabel.hu\/wp-content\/uploads\/2019\/11\/Nissan-E-NV200_v2-300x150.jpg 300w, https:\/\/www.eautotoltokabel.hu\/wp-content\/uploads\/2019\/11\/Nissan-E-NV200_v2-1024x512.jpg 1024w, https:\/\/www.eautotoltokabel.hu\/wp-content\/uploads\/2019\/11\/Nissan-E-NV200_v2-768x384.jpg 768w\" sizes=\"(max-width: 1200px) 100vw, 1200px\" \/>\t\t\t\t\t<\/div>\n\t\t\t\t\t\t\t\t\t\t<a class=\"wd-fill\" tabindex=\"-1\" href=\"https:\/\/www.eautotoltokabel.hu\/eauto\/nissan\/nissan-e-nv200-24-kwh-kisbusz\/\" aria-label=\"Link on post Nissan E-NV200 24 kWh kisbusz | Elektromos Aut\u00f3 T\u00f6lt\u0151k\u00e1bel\"><\/a>\n\t\t\t\t\n\t\t\t\t\t\t\t\t\t\t\t\t<link rel=\"stylesheet\" id=\"wd-post-types-mod-date-style-bg-css\" href=\"https:\/\/www.eautotoltokabel.hu\/wp-content\/themes\/woodmart\/css\/parts\/post-types-mod-date-style-bg.min.css?ver=8.3.8\" type=\"text\/css\" media=\"all\" \/> \t\t\t\t\t\t<div class=\"wd-post-date wd-style-with-bg\">\n\t\t\t\t<span class=\"post-date-day\">\n\t\t\t\t\t30\t\t\t\t<\/span>\n\t\t\t\t<span class=\"post-date-month\">\n\t\t\t\t\tnov\t\t\t\t<\/span>\n\t\t\t<\/div>\n\t\t\t\t\t\t\t\t\t<\/div>\n\t\t\n\t\t<div class=\"wd-post-content article-body-container\">\n\t\t\t\t\t\t\t<div class=\"wd-post-cat wd-style-with-bg meta-post-categories\">\n\t\t\t\t\t<a href=\"https:\/\/www.eautotoltokabel.hu\/kategoria\/eauto\/nissan\/\" rel=\"category tag\">Nissan<\/a>\t\t\t\t<\/div>\n\t\t\t\n\t\t\t\t\t\t\t<h3 class=\"wd-post-title wd-entities-title title post-title\">\n\t\t\t\t\t<a href=\"https:\/\/www.eautotoltokabel.hu\/eauto\/nissan\/nissan-e-nv200-24-kwh-kisbusz\/\" rel=\"bookmark\">Nissan E-NV200 24 kWh kisbusz | Elektromos Aut\u00f3 T\u00f6lt\u0151k\u00e1bel<\/a>\n\t\t\t\t<\/h3>\n\t\t\t\n\t\t\t\t\t\t\t<div class=\"wd-post-meta\">\n\t\t\t\t\t\t\t\t\t\t\t\t\t<link rel=\"stylesheet\" id=\"wd-blog-mod-author-css\" href=\"https:\/\/www.eautotoltokabel.hu\/wp-content\/themes\/woodmart\/css\/parts\/blog-mod-author.min.css?ver=8.3.8\" type=\"text\/css\" media=\"all\" \/> \t\t\t\t\t\t\t\t<div class=\"wd-post-author\">\n\t\t\t\t\t\t\t\t\t\t\t<span>Megosztotta<\/span>\n\t\t\n\t\t\t\t\t<img alt='author-avatar' src='https:\/\/secure.gravatar.com\/avatar\/b83f99fb04457763272734e0f17c13861ebaf01d2f3b98439057c68cca53801c?s=18&#038;d=mm&#038;r=g' srcset='https:\/\/secure.gravatar.com\/avatar\/b83f99fb04457763272734e0f17c13861ebaf01d2f3b98439057c68cca53801c?s=36&#038;d=mm&#038;r=g 2x' class='avatar avatar-18 photo' height='18' width='18' decoding='async'\/>\t\t\n\t\t\t\t\t<a href=\"https:\/\/www.eautotoltokabel.hu\/author\/tcsgtoti\/\" class=\"author\" rel=\"author\">Csaba T\u00f3th<\/a>\n\t\t\t\t\t\t\t\t\t<\/div>\n\t\t\t\t\t<div class=\"wd-modified-date\">\n\t\t\t\t\t\t\t\t<time class=\"updated\" datetime=\"2025-03-19T09:27:35+01:00\">\n\t\t\t2025.03.19.\t\t<\/time>\n\t\t\t\t\t\t\t<\/div>\n\n\t\t\t\t\t\t\t\t\t\t\t<div tabindex=\"0\" class=\"wd-post-share wd-tltp\">\n\t\t\t\t\t\t\t<div class=\"tooltip top\">\n\t\t\t\t\t\t\t\t<div class=\"tooltip-inner\">\n\t\t\t\t\t\t\t\t\t\t\t\t<link rel=\"stylesheet\" id=\"wd-social-icons-css\" href=\"https:\/\/www.eautotoltokabel.hu\/wp-content\/themes\/woodmart\/css\/parts\/el-social-icons.min.css?ver=8.3.8\" type=\"text\/css\" media=\"all\" \/> \t\t\t\t\t\t<div\n\t\t\t\t\t\tclass=\" wd-social-icons  wd-style-default wd-size-small social-share wd-shape-circle color-scheme-light text-center\">\n\t\t\t\t\n\t\t\t\t\n\t\t\t\t\t\t\t\t\t<a rel=\"noopener noreferrer nofollow\" href=\"https:\/\/www.facebook.com\/sharer\/sharer.php?u=https:\/\/www.eautotoltokabel.hu\/bejegyzesek\/\" target=\"_blank\" class=\" wd-social-icon social-facebook\" aria-label=\"Facebook social link\">\n\t\t\t\t\t\t<span class=\"wd-icon\"><\/span>\n\t\t\t\t\t\t\t\t\t\t\t<\/a>\n\t\t\t\t\n\t\t\t\t\t\t\t\t\t<a rel=\"noopener noreferrer nofollow\" href=\"https:\/\/x.com\/share?url=https:\/\/www.eautotoltokabel.hu\/bejegyzesek\/\" target=\"_blank\" class=\" wd-social-icon social-twitter\" aria-label=\"X social link\">\n\t\t\t\t\t\t<span class=\"wd-icon\"><\/span>\n\t\t\t\t\t\t\t\t\t\t\t<\/a>\n\t\t\t\t\n\t\t\t\t\n\t\t\t\t\n\t\t\t\t\n\t\t\t\t\n\t\t\t\t\n\t\t\t\t\t\t\t\t\t<a rel=\"noopener noreferrer nofollow\" href=\"https:\/\/pinterest.com\/pin\/create\/button\/?url=https:\/\/www.eautotoltokabel.hu\/bejegyzesek\/&media=https:\/\/www.eautotoltokabel.hu\/wp-content\/uploads\/2019\/11\/Nissan-E-NV200_v2.jpg&description=Nissan+E-NV200+24+kWh+kisbusz+%7C+Elektromos+Aut%C3%B3+T%C3%B6lt%C5%91k%C3%A1bel\" target=\"_blank\" class=\" wd-social-icon social-pinterest\" aria-label=\"Pinterest social link\">\n\t\t\t\t\t\t<span class=\"wd-icon\"><\/span>\n\t\t\t\t\t\t\t\t\t\t\t<\/a>\n\t\t\t\t\n\t\t\t\t\n\t\t\t\t\t\t\t\t\t<a rel=\"noopener noreferrer nofollow\" href=\"https:\/\/www.linkedin.com\/shareArticle?mini=true&url=https:\/\/www.eautotoltokabel.hu\/bejegyzesek\/\" target=\"_blank\" class=\" wd-social-icon social-linkedin\" aria-label=\"Linkedin social link\">\n\t\t\t\t\t\t<span class=\"wd-icon\"><\/span>\n\t\t\t\t\t\t\t\t\t\t\t<\/a>\n\t\t\t\t\n\t\t\t\t\n\t\t\t\t\n\t\t\t\t\n\t\t\t\t\n\t\t\t\t\n\t\t\t\t\n\t\t\t\t\n\t\t\t\t\n\t\t\t\t\n\t\t\t\t\n\t\t\t\t\n\t\t\t\t\n\t\t\t\t\n\t\t\t\t\n\t\t\t\t\t\t\t\t\t<a rel=\"noopener noreferrer nofollow\" href=\"https:\/\/telegram.me\/share\/url?url=https:\/\/www.eautotoltokabel.hu\/bejegyzesek\/\" target=\"_blank\" class=\" wd-social-icon social-tg\" aria-label=\"Telegram social link\">\n\t\t\t\t\t\t<span class=\"wd-icon\"><\/span>\n\t\t\t\t\t\t\t\t\t\t\t<\/a>\n\t\t\t\t\n\t\t\t\t\n\t\t\t<\/div>\n\n\t\t\t\t\t\t\t\t\t\t<\/div>\n\t\t\t\t\t\t\t\t<div class=\"tooltip-arrow\"><\/div>\n\t\t\t\t\t\t\t<\/div>\n\t\t\t\t\t\t<\/div>\n\t\t\t\t\t\n\t\t\t\t\t\t\t\t\t<\/div>\n\t\t\t\n\t\t\t\t\t\t\t\t\t\t\t\t<div class=\"wd-post-excerpt entry-content\">\n\t\t\t\t\t\tNissan E-NV200 24 kWh kisbusz\r\n\r\n\r\n\r\nT\u00edpus\r\n\t\t\t\t\t<\/div>\n\t\t\t\t\n\t\t\t\t\t\t\t\t\t\t\t\t\t\t<div class=\"wd-post-read-more wd-style-link read-more-section\">\n\t\t\t\t\t\t<a class=\"\" href=\"https:\/\/www.eautotoltokabel.hu\/eauto\/nissan\/nissan-e-nv200-24-kwh-kisbusz\/\">Folytatom az olvas\u00e1st<\/a>\t\t\t\t\t<\/div>\n\t\t\t\t\t\t\t\t\t\t\t\t\t<\/div>\n\t<\/div>\n<\/article>\n\n\t\t\t\t\t\t\t\t\t\t\t\n<article id=\"post-7797\" class=\"wd-post blog-design-masonry blog-post-loop blog-style-bg wd-add-shadow wd-col post-7797 post type-post status-publish format-standard has-post-thumbnail hentry category-ford tag-ford-focus tag-ford-focus-electric\">\n\t<div class=\"wd-post-inner article-inner\">\n\t\t\t\t\t<div class=\"wd-post-thumb entry-header\">\n\t\t\t\t\t\t\t\t\t<div class=\"wd-post-img post-img-wrapp\">\n\t\t\t\t\t\t<img width=\"1280\" height=\"782\" src=\"https:\/\/www.eautotoltokabel.hu\/wp-content\/uploads\/2019\/11\/2012-ford-focus-electric-instrumented-test-review-car-and-driver-photo-457477-s-original.jpg\" class=\"attachment- size-\" alt=\"Ford Focus Electric 2012\" decoding=\"async\" srcset=\"https:\/\/www.eautotoltokabel.hu\/wp-content\/uploads\/2019\/11\/2012-ford-focus-electric-instrumented-test-review-car-and-driver-photo-457477-s-original.jpg 1280w, https:\/\/www.eautotoltokabel.hu\/wp-content\/uploads\/2019\/11\/2012-ford-focus-electric-instrumented-test-review-car-and-driver-photo-457477-s-original-150x92.jpg 150w, https:\/\/www.eautotoltokabel.hu\/wp-content\/uploads\/2019\/11\/2012-ford-focus-electric-instrumented-test-review-car-and-driver-photo-457477-s-original-920x562.jpg 920w, https:\/\/www.eautotoltokabel.hu\/wp-content\/uploads\/2019\/11\/2012-ford-focus-electric-instrumented-test-review-car-and-driver-photo-457477-s-original-300x183.jpg 300w, https:\/\/www.eautotoltokabel.hu\/wp-content\/uploads\/2019\/11\/2012-ford-focus-electric-instrumented-test-review-car-and-driver-photo-457477-s-original-1024x626.jpg 1024w, https:\/\/www.eautotoltokabel.hu\/wp-content\/uploads\/2019\/11\/2012-ford-focus-electric-instrumented-test-review-car-and-driver-photo-457477-s-original-768x469.jpg 768w\" sizes=\"(max-width: 1280px) 100vw, 1280px\" \/>\t\t\t\t\t<\/div>\n\t\t\t\t\t\t\t\t\t\t<a class=\"wd-fill\" tabindex=\"-1\" href=\"https:\/\/www.eautotoltokabel.hu\/eauto\/ford\/ford-focus-electric-2012\/\" aria-label=\"Link on post Ford Focus Electric 2012 | Elektromos Aut\u00f3 T\u00f6lt\u0151k\u00e1bel\"><\/a>\n\t\t\t\t\n\t\t\t\t\t\t\t\t\t\t\t\t<div class=\"wd-post-date wd-style-with-bg\">\n\t\t\t\t<span class=\"post-date-day\">\n\t\t\t\t\t30\t\t\t\t<\/span>\n\t\t\t\t<span class=\"post-date-month\">\n\t\t\t\t\tnov\t\t\t\t<\/span>\n\t\t\t<\/div>\n\t\t\t\t\t\t\t\t\t<\/div>\n\t\t\n\t\t<div class=\"wd-post-content article-body-container\">\n\t\t\t\t\t\t\t<div class=\"wd-post-cat wd-style-with-bg meta-post-categories\">\n\t\t\t\t\t<a href=\"https:\/\/www.eautotoltokabel.hu\/kategoria\/eauto\/ford\/\" rel=\"category tag\">Ford<\/a>\t\t\t\t<\/div>\n\t\t\t\n\t\t\t\t\t\t\t<h3 class=\"wd-post-title wd-entities-title title post-title\">\n\t\t\t\t\t<a href=\"https:\/\/www.eautotoltokabel.hu\/eauto\/ford\/ford-focus-electric-2012\/\" rel=\"bookmark\">Ford Focus Electric 2012 | Elektromos Aut\u00f3 T\u00f6lt\u0151k\u00e1bel<\/a>\n\t\t\t\t<\/h3>\n\t\t\t\n\t\t\t\t\t\t\t<div class=\"wd-post-meta\">\n\t\t\t\t\t\t\t\t\t\t\t\t\t\t\t<div class=\"wd-post-author\">\n\t\t\t\t\t\t\t\t\t\t\t<span>Megosztotta<\/span>\n\t\t\n\t\t\t\t\t<img alt='author-avatar' src='https:\/\/secure.gravatar.com\/avatar\/6553ec3c43c3fb0751a0fc5fffaffb8b83beae42eb5b4d50d65b3c8731f20eaf?s=18&#038;d=mm&#038;r=g' srcset='https:\/\/secure.gravatar.com\/avatar\/6553ec3c43c3fb0751a0fc5fffaffb8b83beae42eb5b4d50d65b3c8731f20eaf?s=36&#038;d=mm&#038;r=g 2x' class='avatar avatar-18 photo' height='18' width='18' decoding='async'\/>\t\t\n\t\t\t\t\t<a href=\"https:\/\/www.eautotoltokabel.hu\/author\/eautoadmin\/\" class=\"author\" rel=\"author\">rekavihari<\/a>\n\t\t\t\t\t\t\t\t\t<\/div>\n\t\t\t\t\t<div class=\"wd-modified-date\">\n\t\t\t\t\t\t\t\t<time class=\"updated\" datetime=\"2025-03-19T09:27:27+01:00\">\n\t\t\t2025.03.19.\t\t<\/time>\n\t\t\t\t\t\t\t<\/div>\n\n\t\t\t\t\t\t\t\t\t\t\t<div tabindex=\"0\" class=\"wd-post-share wd-tltp\">\n\t\t\t\t\t\t\t<div class=\"tooltip top\">\n\t\t\t\t\t\t\t\t<div class=\"tooltip-inner\">\n\t\t\t\t\t\t\t\t\t\t\t\t<div\n\t\t\t\t\t\tclass=\" wd-social-icons  wd-style-default wd-size-small social-share wd-shape-circle color-scheme-light text-center\">\n\t\t\t\t\n\t\t\t\t\n\t\t\t\t\t\t\t\t\t<a rel=\"noopener noreferrer nofollow\" href=\"https:\/\/www.facebook.com\/sharer\/sharer.php?u=https:\/\/www.eautotoltokabel.hu\/bejegyzesek\/\" target=\"_blank\" class=\" wd-social-icon social-facebook\" aria-label=\"Facebook social link\">\n\t\t\t\t\t\t<span class=\"wd-icon\"><\/span>\n\t\t\t\t\t\t\t\t\t\t\t<\/a>\n\t\t\t\t\n\t\t\t\t\t\t\t\t\t<a rel=\"noopener noreferrer nofollow\" href=\"https:\/\/x.com\/share?url=https:\/\/www.eautotoltokabel.hu\/bejegyzesek\/\" target=\"_blank\" class=\" wd-social-icon social-twitter\" aria-label=\"X social link\">\n\t\t\t\t\t\t<span class=\"wd-icon\"><\/span>\n\t\t\t\t\t\t\t\t\t\t\t<\/a>\n\t\t\t\t\n\t\t\t\t\n\t\t\t\t\n\t\t\t\t\n\t\t\t\t\n\t\t\t\t\n\t\t\t\t\t\t\t\t\t<a rel=\"noopener noreferrer nofollow\" href=\"https:\/\/pinterest.com\/pin\/create\/button\/?url=https:\/\/www.eautotoltokabel.hu\/bejegyzesek\/&media=https:\/\/www.eautotoltokabel.hu\/wp-content\/uploads\/2019\/11\/2012-ford-focus-electric-instrumented-test-review-car-and-driver-photo-457477-s-original.jpg&description=Ford+Focus+Electric+2012+%7C+Elektromos+Aut%C3%B3+T%C3%B6lt%C5%91k%C3%A1bel\" target=\"_blank\" class=\" wd-social-icon social-pinterest\" aria-label=\"Pinterest social link\">\n\t\t\t\t\t\t<span class=\"wd-icon\"><\/span>\n\t\t\t\t\t\t\t\t\t\t\t<\/a>\n\t\t\t\t\n\t\t\t\t\n\t\t\t\t\t\t\t\t\t<a rel=\"noopener noreferrer nofollow\" href=\"https:\/\/www.linkedin.com\/shareArticle?mini=true&url=https:\/\/www.eautotoltokabel.hu\/bejegyzesek\/\" target=\"_blank\" class=\" wd-social-icon social-linkedin\" aria-label=\"Linkedin social link\">\n\t\t\t\t\t\t<span class=\"wd-icon\"><\/span>\n\t\t\t\t\t\t\t\t\t\t\t<\/a>\n\t\t\t\t\n\t\t\t\t\n\t\t\t\t\n\t\t\t\t\n\t\t\t\t\n\t\t\t\t\n\t\t\t\t\n\t\t\t\t\n\t\t\t\t\n\t\t\t\t\n\t\t\t\t\n\t\t\t\t\n\t\t\t\t\n\t\t\t\t\n\t\t\t\t\n\t\t\t\t\t\t\t\t\t<a rel=\"noopener noreferrer nofollow\" href=\"https:\/\/telegram.me\/share\/url?url=https:\/\/www.eautotoltokabel.hu\/bejegyzesek\/\" target=\"_blank\" class=\" wd-social-icon social-tg\" aria-label=\"Telegram social link\">\n\t\t\t\t\t\t<span class=\"wd-icon\"><\/span>\n\t\t\t\t\t\t\t\t\t\t\t<\/a>\n\t\t\t\t\n\t\t\t\t\n\t\t\t<\/div>\n\n\t\t\t\t\t\t\t\t\t\t<\/div>\n\t\t\t\t\t\t\t\t<div class=\"tooltip-arrow\"><\/div>\n\t\t\t\t\t\t\t<\/div>\n\t\t\t\t\t\t<\/div>\n\t\t\t\t\t\n\t\t\t\t\t\t\t\t\t<\/div>\n\t\t\t\n\t\t\t\t\t\t\t\t\t\t\t\t<div class=\"wd-post-excerpt entry-content\">\n\t\t\t\t\t\tFord Focus Electric 2012\r\n\r\n\r\n\r\nT\u00edpus\r\n\t\t\t\t\t<\/div>\n\t\t\t\t\n\t\t\t\t\t\t\t\t\t\t\t\t\t\t<div class=\"wd-post-read-more wd-style-link read-more-section\">\n\t\t\t\t\t\t<a class=\"\" href=\"https:\/\/www.eautotoltokabel.hu\/eauto\/ford\/ford-focus-electric-2012\/\">Folytatom az olvas\u00e1st<\/a>\t\t\t\t\t<\/div>\n\t\t\t\t\t\t\t\t\t\t\t\t\t<\/div>\n\t<\/div>\n<\/article>\n\n\t\t\t\t\t\t\t\t\t\t\t\n<article id=\"post-7806\" class=\"wd-post blog-design-masonry blog-post-loop blog-style-bg wd-add-shadow wd-col post-7806 post type-post status-publish format-standard has-post-thumbnail hentry category-ford tag-ford-c-max tag-ford-c-max-energi-phev\">\n\t<div class=\"wd-post-inner article-inner\">\n\t\t\t\t\t<div class=\"wd-post-thumb entry-header\">\n\t\t\t\t\t\t\t\t\t<div class=\"wd-post-img post-img-wrapp\">\n\t\t\t\t\t\t<img width=\"1280\" height=\"782\" src=\"https:\/\/www.eautotoltokabel.hu\/wp-content\/uploads\/2019\/11\/ord-c-max-c-max-energi-1.jpg\" class=\"attachment- size-\" alt=\"Ford C-Max Energi\" decoding=\"async\" srcset=\"https:\/\/www.eautotoltokabel.hu\/wp-content\/uploads\/2019\/11\/ord-c-max-c-max-energi-1.jpg 1280w, https:\/\/www.eautotoltokabel.hu\/wp-content\/uploads\/2019\/11\/ord-c-max-c-max-energi-1-150x92.jpg 150w, https:\/\/www.eautotoltokabel.hu\/wp-content\/uploads\/2019\/11\/ord-c-max-c-max-energi-1-920x562.jpg 920w, https:\/\/www.eautotoltokabel.hu\/wp-content\/uploads\/2019\/11\/ord-c-max-c-max-energi-1-300x183.jpg 300w, https:\/\/www.eautotoltokabel.hu\/wp-content\/uploads\/2019\/11\/ord-c-max-c-max-energi-1-1024x626.jpg 1024w, https:\/\/www.eautotoltokabel.hu\/wp-content\/uploads\/2019\/11\/ord-c-max-c-max-energi-1-768x469.jpg 768w\" sizes=\"(max-width: 1280px) 100vw, 1280px\" \/>\t\t\t\t\t<\/div>\n\t\t\t\t\t\t\t\t\t\t<a class=\"wd-fill\" tabindex=\"-1\" href=\"https:\/\/www.eautotoltokabel.hu\/eauto\/ford\/ford-c-max-energi\/\" aria-label=\"Link on post Ford C-Max Energi | Plug-in Hybrid Aut\u00f3 T\u00f6lt\u0151k\u00e1bel\"><\/a>\n\t\t\t\t\n\t\t\t\t\t\t\t\t\t\t\t\t<div class=\"wd-post-date wd-style-with-bg\">\n\t\t\t\t<span class=\"post-date-day\">\n\t\t\t\t\t30\t\t\t\t<\/span>\n\t\t\t\t<span class=\"post-date-month\">\n\t\t\t\t\tnov\t\t\t\t<\/span>\n\t\t\t<\/div>\n\t\t\t\t\t\t\t\t\t<\/div>\n\t\t\n\t\t<div class=\"wd-post-content article-body-container\">\n\t\t\t\t\t\t\t<div class=\"wd-post-cat wd-style-with-bg meta-post-categories\">\n\t\t\t\t\t<a href=\"https:\/\/www.eautotoltokabel.hu\/kategoria\/eauto\/ford\/\" rel=\"category tag\">Ford<\/a>\t\t\t\t<\/div>\n\t\t\t\n\t\t\t\t\t\t\t<h3 class=\"wd-post-title wd-entities-title title post-title\">\n\t\t\t\t\t<a href=\"https:\/\/www.eautotoltokabel.hu\/eauto\/ford\/ford-c-max-energi\/\" rel=\"bookmark\">Ford C-Max Energi | Plug-in Hybrid Aut\u00f3 T\u00f6lt\u0151k\u00e1bel<\/a>\n\t\t\t\t<\/h3>\n\t\t\t\n\t\t\t\t\t\t\t<div class=\"wd-post-meta\">\n\t\t\t\t\t\t\t\t\t\t\t\t\t\t\t<div class=\"wd-post-author\">\n\t\t\t\t\t\t\t\t\t\t\t<span>Megosztotta<\/span>\n\t\t\n\t\t\t\t\t<img alt='author-avatar' src='https:\/\/secure.gravatar.com\/avatar\/6553ec3c43c3fb0751a0fc5fffaffb8b83beae42eb5b4d50d65b3c8731f20eaf?s=18&#038;d=mm&#038;r=g' srcset='https:\/\/secure.gravatar.com\/avatar\/6553ec3c43c3fb0751a0fc5fffaffb8b83beae42eb5b4d50d65b3c8731f20eaf?s=36&#038;d=mm&#038;r=g 2x' class='avatar avatar-18 photo' height='18' width='18' decoding='async'\/>\t\t\n\t\t\t\t\t<a href=\"https:\/\/www.eautotoltokabel.hu\/author\/eautoadmin\/\" class=\"author\" rel=\"author\">rekavihari<\/a>\n\t\t\t\t\t\t\t\t\t<\/div>\n\t\t\t\t\t<div class=\"wd-modified-date\">\n\t\t\t\t\t\t\t\t<time class=\"updated\" datetime=\"2025-03-19T09:27:33+01:00\">\n\t\t\t2025.03.19.\t\t<\/time>\n\t\t\t\t\t\t\t<\/div>\n\n\t\t\t\t\t\t\t\t\t\t\t<div tabindex=\"0\" class=\"wd-post-share wd-tltp\">\n\t\t\t\t\t\t\t<div class=\"tooltip top\">\n\t\t\t\t\t\t\t\t<div class=\"tooltip-inner\">\n\t\t\t\t\t\t\t\t\t\t\t\t<div\n\t\t\t\t\t\tclass=\" wd-social-icons  wd-style-default wd-size-small social-share wd-shape-circle color-scheme-light text-center\">\n\t\t\t\t\n\t\t\t\t\n\t\t\t\t\t\t\t\t\t<a rel=\"noopener noreferrer nofollow\" href=\"https:\/\/www.facebook.com\/sharer\/sharer.php?u=https:\/\/www.eautotoltokabel.hu\/bejegyzesek\/\" target=\"_blank\" class=\" wd-social-icon social-facebook\" aria-label=\"Facebook social link\">\n\t\t\t\t\t\t<span class=\"wd-icon\"><\/span>\n\t\t\t\t\t\t\t\t\t\t\t<\/a>\n\t\t\t\t\n\t\t\t\t\t\t\t\t\t<a rel=\"noopener noreferrer nofollow\" href=\"https:\/\/x.com\/share?url=https:\/\/www.eautotoltokabel.hu\/bejegyzesek\/\" target=\"_blank\" class=\" wd-social-icon social-twitter\" aria-label=\"X social link\">\n\t\t\t\t\t\t<span class=\"wd-icon\"><\/span>\n\t\t\t\t\t\t\t\t\t\t\t<\/a>\n\t\t\t\t\n\t\t\t\t\n\t\t\t\t\n\t\t\t\t\n\t\t\t\t\n\t\t\t\t\n\t\t\t\t\t\t\t\t\t<a rel=\"noopener noreferrer nofollow\" href=\"https:\/\/pinterest.com\/pin\/create\/button\/?url=https:\/\/www.eautotoltokabel.hu\/bejegyzesek\/&media=https:\/\/www.eautotoltokabel.hu\/wp-content\/uploads\/2019\/11\/ord-c-max-c-max-energi-1.jpg&description=Ford+C-Max+Energi+%7C+Plug-in+Hybrid+Aut%C3%B3+T%C3%B6lt%C5%91k%C3%A1bel\" target=\"_blank\" class=\" wd-social-icon social-pinterest\" aria-label=\"Pinterest social link\">\n\t\t\t\t\t\t<span class=\"wd-icon\"><\/span>\n\t\t\t\t\t\t\t\t\t\t\t<\/a>\n\t\t\t\t\n\t\t\t\t\n\t\t\t\t\t\t\t\t\t<a rel=\"noopener noreferrer nofollow\" href=\"https:\/\/www.linkedin.com\/shareArticle?mini=true&url=https:\/\/www.eautotoltokabel.hu\/bejegyzesek\/\" target=\"_blank\" class=\" wd-social-icon social-linkedin\" aria-label=\"Linkedin social link\">\n\t\t\t\t\t\t<span class=\"wd-icon\"><\/span>\n\t\t\t\t\t\t\t\t\t\t\t<\/a>\n\t\t\t\t\n\t\t\t\t\n\t\t\t\t\n\t\t\t\t\n\t\t\t\t\n\t\t\t\t\n\t\t\t\t\n\t\t\t\t\n\t\t\t\t\n\t\t\t\t\n\t\t\t\t\n\t\t\t\t\n\t\t\t\t\n\t\t\t\t\n\t\t\t\t\n\t\t\t\t\t\t\t\t\t<a rel=\"noopener noreferrer nofollow\" href=\"https:\/\/telegram.me\/share\/url?url=https:\/\/www.eautotoltokabel.hu\/bejegyzesek\/\" target=\"_blank\" class=\" wd-social-icon social-tg\" aria-label=\"Telegram social link\">\n\t\t\t\t\t\t<span class=\"wd-icon\"><\/span>\n\t\t\t\t\t\t\t\t\t\t\t<\/a>\n\t\t\t\t\n\t\t\t\t\n\t\t\t<\/div>\n\n\t\t\t\t\t\t\t\t\t\t<\/div>\n\t\t\t\t\t\t\t\t<div class=\"tooltip-arrow\"><\/div>\n\t\t\t\t\t\t\t<\/div>\n\t\t\t\t\t\t<\/div>\n\t\t\t\t\t\n\t\t\t\t\t\t\t\t\t<\/div>\n\t\t\t\n\t\t\t\t\t\t\t\t\t\t\t\t<div class=\"wd-post-excerpt entry-content\">\n\t\t\t\t\t\tFord C-Max Energi\r\n\r\n\r\n\r\nT\u00edpus\r\n\t\t\t\t\t<\/div>\n\t\t\t\t\n\t\t\t\t\t\t\t\t\t\t\t\t\t\t<div class=\"wd-post-read-more wd-style-link read-more-section\">\n\t\t\t\t\t\t<a class=\"\" href=\"https:\/\/www.eautotoltokabel.hu\/eauto\/ford\/ford-c-max-energi\/\">Folytatom az olvas\u00e1st<\/a>\t\t\t\t\t<\/div>\n\t\t\t\t\t\t\t\t\t\t\t\t\t<\/div>\n\t<\/div>\n<\/article>\n\n\t\t\t\t\t\t\t\t\t\t\t\n<article id=\"post-7799\" class=\"wd-post blog-design-masonry blog-post-loop blog-style-bg wd-add-shadow wd-col post-7799 post type-post status-publish format-standard has-post-thumbnail hentry category-honda tag-honda-clarity-electric\">\n\t<div class=\"wd-post-inner article-inner\">\n\t\t\t\t\t<div class=\"wd-post-thumb entry-header\">\n\t\t\t\t\t\t\t\t\t<div class=\"wd-post-img post-img-wrapp\">\n\t\t\t\t\t\t<img width=\"2100\" height=\"1386\" src=\"https:\/\/www.eautotoltokabel.hu\/wp-content\/uploads\/2019\/11\/Honda-Clarity-2.jpg\" class=\"attachment- size-\" alt=\"Honda Clarity\" decoding=\"async\" srcset=\"https:\/\/www.eautotoltokabel.hu\/wp-content\/uploads\/2019\/11\/Honda-Clarity-2.jpg 2100w, https:\/\/www.eautotoltokabel.hu\/wp-content\/uploads\/2019\/11\/Honda-Clarity-2-150x99.jpg 150w, https:\/\/www.eautotoltokabel.hu\/wp-content\/uploads\/2019\/11\/Honda-Clarity-2-920x607.jpg 920w, https:\/\/www.eautotoltokabel.hu\/wp-content\/uploads\/2019\/11\/Honda-Clarity-2-300x198.jpg 300w, https:\/\/www.eautotoltokabel.hu\/wp-content\/uploads\/2019\/11\/Honda-Clarity-2-1024x676.jpg 1024w, https:\/\/www.eautotoltokabel.hu\/wp-content\/uploads\/2019\/11\/Honda-Clarity-2-768x507.jpg 768w, https:\/\/www.eautotoltokabel.hu\/wp-content\/uploads\/2019\/11\/Honda-Clarity-2-1536x1014.jpg 1536w, https:\/\/www.eautotoltokabel.hu\/wp-content\/uploads\/2019\/11\/Honda-Clarity-2-2048x1352.jpg 2048w\" sizes=\"(max-width: 2100px) 100vw, 2100px\" \/>\t\t\t\t\t<\/div>\n\t\t\t\t\t\t\t\t\t\t<a class=\"wd-fill\" tabindex=\"-1\" href=\"https:\/\/www.eautotoltokabel.hu\/eauto\/honda\/honda-honda-clarity-electric\/\" aria-label=\"Link on post Honda Clarity Electric | Elektromos Aut\u00f3 T\u00f6lt\u0151k\u00e1bel\"><\/a>\n\t\t\t\t\n\t\t\t\t\t\t\t\t\t\t\t\t<div class=\"wd-post-date wd-style-with-bg\">\n\t\t\t\t<span class=\"post-date-day\">\n\t\t\t\t\t30\t\t\t\t<\/span>\n\t\t\t\t<span class=\"post-date-month\">\n\t\t\t\t\tnov\t\t\t\t<\/span>\n\t\t\t<\/div>\n\t\t\t\t\t\t\t\t\t<\/div>\n\t\t\n\t\t<div class=\"wd-post-content article-body-container\">\n\t\t\t\t\t\t\t<div class=\"wd-post-cat wd-style-with-bg meta-post-categories\">\n\t\t\t\t\t<a href=\"https:\/\/www.eautotoltokabel.hu\/kategoria\/eauto\/honda\/\" rel=\"category tag\">Honda<\/a>\t\t\t\t<\/div>\n\t\t\t\n\t\t\t\t\t\t\t<h3 class=\"wd-post-title wd-entities-title title post-title\">\n\t\t\t\t\t<a href=\"https:\/\/www.eautotoltokabel.hu\/eauto\/honda\/honda-honda-clarity-electric\/\" rel=\"bookmark\">Honda Clarity Electric | Elektromos Aut\u00f3 T\u00f6lt\u0151k\u00e1bel<\/a>\n\t\t\t\t<\/h3>\n\t\t\t\n\t\t\t\t\t\t\t<div class=\"wd-post-meta\">\n\t\t\t\t\t\t\t\t\t\t\t\t\t\t\t<div class=\"wd-post-author\">\n\t\t\t\t\t\t\t\t\t\t\t<span>Megosztotta<\/span>\n\t\t\n\t\t\t\t\t<img alt='author-avatar' src='https:\/\/secure.gravatar.com\/avatar\/b83f99fb04457763272734e0f17c13861ebaf01d2f3b98439057c68cca53801c?s=18&#038;d=mm&#038;r=g' srcset='https:\/\/secure.gravatar.com\/avatar\/b83f99fb04457763272734e0f17c13861ebaf01d2f3b98439057c68cca53801c?s=36&#038;d=mm&#038;r=g 2x' class='avatar avatar-18 photo' height='18' width='18' decoding='async'\/>\t\t\n\t\t\t\t\t<a href=\"https:\/\/www.eautotoltokabel.hu\/author\/tcsgtoti\/\" class=\"author\" rel=\"author\">Csaba T\u00f3th<\/a>\n\t\t\t\t\t\t\t\t\t<\/div>\n\t\t\t\t\t<div class=\"wd-modified-date\">\n\t\t\t\t\t\t\t\t<time class=\"updated\" datetime=\"2025-03-19T09:27:31+01:00\">\n\t\t\t2025.03.19.\t\t<\/time>\n\t\t\t\t\t\t\t<\/div>\n\n\t\t\t\t\t\t\t\t\t\t\t<div tabindex=\"0\" class=\"wd-post-share wd-tltp\">\n\t\t\t\t\t\t\t<div class=\"tooltip top\">\n\t\t\t\t\t\t\t\t<div class=\"tooltip-inner\">\n\t\t\t\t\t\t\t\t\t\t\t\t<div\n\t\t\t\t\t\tclass=\" wd-social-icons  wd-style-default wd-size-small social-share wd-shape-circle color-scheme-light text-center\">\n\t\t\t\t\n\t\t\t\t\n\t\t\t\t\t\t\t\t\t<a rel=\"noopener noreferrer nofollow\" href=\"https:\/\/www.facebook.com\/sharer\/sharer.php?u=https:\/\/www.eautotoltokabel.hu\/bejegyzesek\/\" target=\"_blank\" class=\" wd-social-icon social-facebook\" aria-label=\"Facebook social link\">\n\t\t\t\t\t\t<span class=\"wd-icon\"><\/span>\n\t\t\t\t\t\t\t\t\t\t\t<\/a>\n\t\t\t\t\n\t\t\t\t\t\t\t\t\t<a rel=\"noopener noreferrer nofollow\" href=\"https:\/\/x.com\/share?url=https:\/\/www.eautotoltokabel.hu\/bejegyzesek\/\" target=\"_blank\" class=\" wd-social-icon social-twitter\" aria-label=\"X social link\">\n\t\t\t\t\t\t<span class=\"wd-icon\"><\/span>\n\t\t\t\t\t\t\t\t\t\t\t<\/a>\n\t\t\t\t\n\t\t\t\t\n\t\t\t\t\n\t\t\t\t\n\t\t\t\t\n\t\t\t\t\n\t\t\t\t\t\t\t\t\t<a rel=\"noopener noreferrer nofollow\" href=\"https:\/\/pinterest.com\/pin\/create\/button\/?url=https:\/\/www.eautotoltokabel.hu\/bejegyzesek\/&media=https:\/\/www.eautotoltokabel.hu\/wp-content\/uploads\/2019\/11\/Honda-Clarity-2.jpg&description=Honda+Clarity+Electric+%7C+Elektromos+Aut%C3%B3+T%C3%B6lt%C5%91k%C3%A1bel\" target=\"_blank\" class=\" wd-social-icon social-pinterest\" aria-label=\"Pinterest social link\">\n\t\t\t\t\t\t<span class=\"wd-icon\"><\/span>\n\t\t\t\t\t\t\t\t\t\t\t<\/a>\n\t\t\t\t\n\t\t\t\t\n\t\t\t\t\t\t\t\t\t<a rel=\"noopener noreferrer nofollow\" href=\"https:\/\/www.linkedin.com\/shareArticle?mini=true&url=https:\/\/www.eautotoltokabel.hu\/bejegyzesek\/\" target=\"_blank\" class=\" wd-social-icon social-linkedin\" aria-label=\"Linkedin social link\">\n\t\t\t\t\t\t<span class=\"wd-icon\"><\/span>\n\t\t\t\t\t\t\t\t\t\t\t<\/a>\n\t\t\t\t\n\t\t\t\t\n\t\t\t\t\n\t\t\t\t\n\t\t\t\t\n\t\t\t\t\n\t\t\t\t\n\t\t\t\t\n\t\t\t\t\n\t\t\t\t\n\t\t\t\t\n\t\t\t\t\n\t\t\t\t\n\t\t\t\t\n\t\t\t\t\n\t\t\t\t\t\t\t\t\t<a rel=\"noopener noreferrer nofollow\" href=\"https:\/\/telegram.me\/share\/url?url=https:\/\/www.eautotoltokabel.hu\/bejegyzesek\/\" target=\"_blank\" class=\" wd-social-icon social-tg\" aria-label=\"Telegram social link\">\n\t\t\t\t\t\t<span class=\"wd-icon\"><\/span>\n\t\t\t\t\t\t\t\t\t\t\t<\/a>\n\t\t\t\t\n\t\t\t\t\n\t\t\t<\/div>\n\n\t\t\t\t\t\t\t\t\t\t<\/div>\n\t\t\t\t\t\t\t\t<div class=\"tooltip-arrow\"><\/div>\n\t\t\t\t\t\t\t<\/div>\n\t\t\t\t\t\t<\/div>\n\t\t\t\t\t\n\t\t\t\t\t\t\t\t\t<\/div>\n\t\t\t\n\t\t\t\t\t\t\t\t\t\t\t\t<div class=\"wd-post-excerpt entry-content\">\n\t\t\t\t\t\tHonda Clarity Electric\r\n\r\n\r\n\r\nT\u00edpus\r\n\t\t\t\t\t<\/div>\n\t\t\t\t\n\t\t\t\t\t\t\t\t\t\t\t\t\t\t<div class=\"wd-post-read-more wd-style-link read-more-section\">\n\t\t\t\t\t\t<a class=\"\" href=\"https:\/\/www.eautotoltokabel.hu\/eauto\/honda\/honda-honda-clarity-electric\/\">Folytatom az olvas\u00e1st<\/a>\t\t\t\t\t<\/div>\n\t\t\t\t\t\t\t\t\t\t\t\t\t<\/div>\n\t<\/div>\n<\/article>\n\n\t\t\t\t\t\t\t\t\t\t\t\n<article id=\"post-7798\" class=\"wd-post blog-design-masonry blog-post-loop blog-style-bg wd-add-shadow wd-col post-7798 post type-post status-publish format-standard has-post-thumbnail hentry category-fisker tag-fisker-karma\">\n\t<div class=\"wd-post-inner article-inner\">\n\t\t\t\t\t<div class=\"wd-post-thumb entry-header\">\n\t\t\t\t\t\t\t\t\t<div class=\"wd-post-img post-img-wrapp\">\n\t\t\t\t\t\t<img width=\"875\" height=\"547\" src=\"https:\/\/www.eautotoltokabel.hu\/wp-content\/uploads\/2019\/11\/2012-Fisker-Karma-front-three-quarter3.jpg\" class=\"attachment- size-\" alt=\"Fisker-Karma\" decoding=\"async\" srcset=\"https:\/\/www.eautotoltokabel.hu\/wp-content\/uploads\/2019\/11\/2012-Fisker-Karma-front-three-quarter3.jpg 875w, https:\/\/www.eautotoltokabel.hu\/wp-content\/uploads\/2019\/11\/2012-Fisker-Karma-front-three-quarter3-150x94.jpg 150w, https:\/\/www.eautotoltokabel.hu\/wp-content\/uploads\/2019\/11\/2012-Fisker-Karma-front-three-quarter3-300x188.jpg 300w, https:\/\/www.eautotoltokabel.hu\/wp-content\/uploads\/2019\/11\/2012-Fisker-Karma-front-three-quarter3-768x480.jpg 768w\" sizes=\"(max-width: 875px) 100vw, 875px\" \/>\t\t\t\t\t<\/div>\n\t\t\t\t\t\t\t\t\t\t<a class=\"wd-fill\" tabindex=\"-1\" href=\"https:\/\/www.eautotoltokabel.hu\/eauto\/fisker\/fisker-karma\/\" aria-label=\"Link on post Fisker Karma | Plug-in Hybrid Aut\u00f3 T\u00f6lt\u0151k\u00e1bel\"><\/a>\n\t\t\t\t\n\t\t\t\t\t\t\t\t\t\t\t\t<div class=\"wd-post-date wd-style-with-bg\">\n\t\t\t\t<span class=\"post-date-day\">\n\t\t\t\t\t30\t\t\t\t<\/span>\n\t\t\t\t<span class=\"post-date-month\">\n\t\t\t\t\tnov\t\t\t\t<\/span>\n\t\t\t<\/div>\n\t\t\t\t\t\t\t\t\t<\/div>\n\t\t\n\t\t<div class=\"wd-post-content article-body-container\">\n\t\t\t\t\t\t\t<div class=\"wd-post-cat wd-style-with-bg meta-post-categories\">\n\t\t\t\t\t<a href=\"https:\/\/www.eautotoltokabel.hu\/kategoria\/eauto\/fisker\/\" rel=\"category tag\">Fisker<\/a>\t\t\t\t<\/div>\n\t\t\t\n\t\t\t\t\t\t\t<h3 class=\"wd-post-title wd-entities-title title post-title\">\n\t\t\t\t\t<a href=\"https:\/\/www.eautotoltokabel.hu\/eauto\/fisker\/fisker-karma\/\" rel=\"bookmark\">Fisker Karma | Plug-in Hybrid Aut\u00f3 T\u00f6lt\u0151k\u00e1bel<\/a>\n\t\t\t\t<\/h3>\n\t\t\t\n\t\t\t\t\t\t\t<div class=\"wd-post-meta\">\n\t\t\t\t\t\t\t\t\t\t\t\t\t\t\t<div class=\"wd-post-author\">\n\t\t\t\t\t\t\t\t\t\t\t<span>Megosztotta<\/span>\n\t\t\n\t\t\t\t\t<img alt='author-avatar' src='https:\/\/secure.gravatar.com\/avatar\/6553ec3c43c3fb0751a0fc5fffaffb8b83beae42eb5b4d50d65b3c8731f20eaf?s=18&#038;d=mm&#038;r=g' srcset='https:\/\/secure.gravatar.com\/avatar\/6553ec3c43c3fb0751a0fc5fffaffb8b83beae42eb5b4d50d65b3c8731f20eaf?s=36&#038;d=mm&#038;r=g 2x' class='avatar avatar-18 photo' height='18' width='18' decoding='async'\/>\t\t\n\t\t\t\t\t<a href=\"https:\/\/www.eautotoltokabel.hu\/author\/eautoadmin\/\" class=\"author\" rel=\"author\">rekavihari<\/a>\n\t\t\t\t\t\t\t\t\t<\/div>\n\t\t\t\t\t<div class=\"wd-modified-date\">\n\t\t\t\t\t\t\t\t<time class=\"updated\" datetime=\"2025-03-19T09:27:29+01:00\">\n\t\t\t2025.03.19.\t\t<\/time>\n\t\t\t\t\t\t\t<\/div>\n\n\t\t\t\t\t\t\t\t\t\t\t<div tabindex=\"0\" class=\"wd-post-share wd-tltp\">\n\t\t\t\t\t\t\t<div class=\"tooltip top\">\n\t\t\t\t\t\t\t\t<div class=\"tooltip-inner\">\n\t\t\t\t\t\t\t\t\t\t\t\t<div\n\t\t\t\t\t\tclass=\" wd-social-icons  wd-style-default wd-size-small social-share wd-shape-circle color-scheme-light text-center\">\n\t\t\t\t\n\t\t\t\t\n\t\t\t\t\t\t\t\t\t<a rel=\"noopener noreferrer nofollow\" href=\"https:\/\/www.facebook.com\/sharer\/sharer.php?u=https:\/\/www.eautotoltokabel.hu\/bejegyzesek\/\" target=\"_blank\" class=\" wd-social-icon social-facebook\" aria-label=\"Facebook social link\">\n\t\t\t\t\t\t<span class=\"wd-icon\"><\/span>\n\t\t\t\t\t\t\t\t\t\t\t<\/a>\n\t\t\t\t\n\t\t\t\t\t\t\t\t\t<a rel=\"noopener noreferrer nofollow\" href=\"https:\/\/x.com\/share?url=https:\/\/www.eautotoltokabel.hu\/bejegyzesek\/\" target=\"_blank\" class=\" wd-social-icon social-twitter\" aria-label=\"X social link\">\n\t\t\t\t\t\t<span class=\"wd-icon\"><\/span>\n\t\t\t\t\t\t\t\t\t\t\t<\/a>\n\t\t\t\t\n\t\t\t\t\n\t\t\t\t\n\t\t\t\t\n\t\t\t\t\n\t\t\t\t\n\t\t\t\t\t\t\t\t\t<a rel=\"noopener noreferrer nofollow\" href=\"https:\/\/pinterest.com\/pin\/create\/button\/?url=https:\/\/www.eautotoltokabel.hu\/bejegyzesek\/&media=https:\/\/www.eautotoltokabel.hu\/wp-content\/uploads\/2019\/11\/2012-Fisker-Karma-front-three-quarter3.jpg&description=Fisker+Karma+%7C+Plug-in+Hybrid+Aut%C3%B3+T%C3%B6lt%C5%91k%C3%A1bel\" target=\"_blank\" class=\" wd-social-icon social-pinterest\" aria-label=\"Pinterest social link\">\n\t\t\t\t\t\t<span class=\"wd-icon\"><\/span>\n\t\t\t\t\t\t\t\t\t\t\t<\/a>\n\t\t\t\t\n\t\t\t\t\n\t\t\t\t\t\t\t\t\t<a rel=\"noopener noreferrer nofollow\" href=\"https:\/\/www.linkedin.com\/shareArticle?mini=true&url=https:\/\/www.eautotoltokabel.hu\/bejegyzesek\/\" target=\"_blank\" class=\" wd-social-icon social-linkedin\" aria-label=\"Linkedin social link\">\n\t\t\t\t\t\t<span class=\"wd-icon\"><\/span>\n\t\t\t\t\t\t\t\t\t\t\t<\/a>\n\t\t\t\t\n\t\t\t\t\n\t\t\t\t\n\t\t\t\t\n\t\t\t\t\n\t\t\t\t\n\t\t\t\t\n\t\t\t\t\n\t\t\t\t\n\t\t\t\t\n\t\t\t\t\n\t\t\t\t\n\t\t\t\t\n\t\t\t\t\n\t\t\t\t\n\t\t\t\t\t\t\t\t\t<a rel=\"noopener noreferrer nofollow\" href=\"https:\/\/telegram.me\/share\/url?url=https:\/\/www.eautotoltokabel.hu\/bejegyzesek\/\" target=\"_blank\" class=\" wd-social-icon social-tg\" aria-label=\"Telegram social link\">\n\t\t\t\t\t\t<span class=\"wd-icon\"><\/span>\n\t\t\t\t\t\t\t\t\t\t\t<\/a>\n\t\t\t\t\n\t\t\t\t\n\t\t\t<\/div>\n\n\t\t\t\t\t\t\t\t\t\t<\/div>\n\t\t\t\t\t\t\t\t<div class=\"tooltip-arrow\"><\/div>\n\t\t\t\t\t\t\t<\/div>\n\t\t\t\t\t\t<\/div>\n\t\t\t\t\t\n\t\t\t\t\t\t\t\t\t<\/div>\n\t\t\t\n\t\t\t\t\t\t\t\t\t\t\t\t<div class=\"wd-post-excerpt entry-content\">\n\t\t\t\t\t\tFisker Karma\r\n\r\n\r\n\r\nT\u00edpus\r\n\t\t\t\t\t<\/div>\n\t\t\t\t\n\t\t\t\t\t\t\t\t\t\t\t\t\t\t<div class=\"wd-post-read-more wd-style-link read-more-section\">\n\t\t\t\t\t\t<a class=\"\" href=\"https:\/\/www.eautotoltokabel.hu\/eauto\/fisker\/fisker-karma\/\">Folytatom az olvas\u00e1st<\/a>\t\t\t\t\t<\/div>\n\t\t\t\t\t\t\t\t\t\t\t\t\t<\/div>\n\t<\/div>\n<\/article>\n\n\t\t\t\t\t\n\t\t\t\t\t","status":"have-posts","nextPage":"https:\/\/www.eautotoltokabel.hu\/bejegyzesek\/page\/91\/?woo_ajax=1","currentPage":"https:\/\/www.eautotoltokabel.hu\/bejegyzesek\/page\/90"}