
			
				

					
				

			
		{"items":"\n\t\t\t\t\t\t\t\t\t\t\t\t\t\t<link rel=\"stylesheet\" id=\"wd-post-types-mod-categories-style-bg-css\" href=\"https:\/\/www.eautotoltokabel.hu\/wp-content\/themes\/woodmart\/css\/parts\/post-types-mod-categories-style-bg.min.css?ver=8.3.8\" type=\"text\/css\" media=\"all\" \/> \t\t\t\n<article id=\"post-7867\" class=\"wd-post blog-design-masonry blog-post-loop blog-style-bg wd-add-shadow wd-col post-7867 post type-post status-publish format-standard has-post-thumbnail hentry category-mercedes tag-mercedes-gle500e tag-mercedes-benz-gle500e tag-mercedes-benz-gle500e-plug-in-hybrid\">\n\t<div class=\"wd-post-inner article-inner\">\n\t\t\t\t\t<div class=\"wd-post-thumb entry-header\">\n\t\t\t\t\t\t\t\t\t<div class=\"wd-post-img post-img-wrapp\">\n\t\t\t\t\t\t<img width=\"1200\" height=\"689\" src=\"https:\/\/www.eautotoltokabel.hu\/wp-content\/uploads\/2019\/11\/Mercedes-Benz-GLE500e-Plug-In-Hybrid_v1.jpg\" class=\"attachment- size-\" alt=\"Mercedes-Benz GLE500e Plug-In Hybrid\" decoding=\"async\" fetchpriority=\"high\" srcset=\"https:\/\/www.eautotoltokabel.hu\/wp-content\/uploads\/2019\/11\/Mercedes-Benz-GLE500e-Plug-In-Hybrid_v1.jpg 1200w, https:\/\/www.eautotoltokabel.hu\/wp-content\/uploads\/2019\/11\/Mercedes-Benz-GLE500e-Plug-In-Hybrid_v1-150x86.jpg 150w, https:\/\/www.eautotoltokabel.hu\/wp-content\/uploads\/2019\/11\/Mercedes-Benz-GLE500e-Plug-In-Hybrid_v1-920x528.jpg 920w, https:\/\/www.eautotoltokabel.hu\/wp-content\/uploads\/2019\/11\/Mercedes-Benz-GLE500e-Plug-In-Hybrid_v1-300x172.jpg 300w, https:\/\/www.eautotoltokabel.hu\/wp-content\/uploads\/2019\/11\/Mercedes-Benz-GLE500e-Plug-In-Hybrid_v1-1024x588.jpg 1024w, https:\/\/www.eautotoltokabel.hu\/wp-content\/uploads\/2019\/11\/Mercedes-Benz-GLE500e-Plug-In-Hybrid_v1-768x441.jpg 768w\" sizes=\"(max-width: 1200px) 100vw, 1200px\" \/>\t\t\t\t\t<\/div>\n\t\t\t\t\t\t\t\t\t\t<a class=\"wd-fill\" tabindex=\"-1\" href=\"https:\/\/www.eautotoltokabel.hu\/eauto\/mercedes\/mercedes-gle-500e\/\" aria-label=\"Link on post Mercedes GLE 500e | Plug-in Hybrid Aut\u00f3 T\u00f6lt\u0151k\u00e1bel\"><\/a>\n\t\t\t\t\n\t\t\t\t\t\t\t\t\t\t\t\t<link rel=\"stylesheet\" id=\"wd-post-types-mod-date-style-bg-css\" href=\"https:\/\/www.eautotoltokabel.hu\/wp-content\/themes\/woodmart\/css\/parts\/post-types-mod-date-style-bg.min.css?ver=8.3.8\" type=\"text\/css\" media=\"all\" \/> \t\t\t\t\t\t<div class=\"wd-post-date wd-style-with-bg\">\n\t\t\t\t<span class=\"post-date-day\">\n\t\t\t\t\t30\t\t\t\t<\/span>\n\t\t\t\t<span class=\"post-date-month\">\n\t\t\t\t\tnov\t\t\t\t<\/span>\n\t\t\t<\/div>\n\t\t\t\t\t\t\t\t\t<\/div>\n\t\t\n\t\t<div class=\"wd-post-content article-body-container\">\n\t\t\t\t\t\t\t<div class=\"wd-post-cat wd-style-with-bg meta-post-categories\">\n\t\t\t\t\t<a href=\"https:\/\/www.eautotoltokabel.hu\/kategoria\/eauto\/mercedes\/\" rel=\"category tag\">Mercedes<\/a>\t\t\t\t<\/div>\n\t\t\t\n\t\t\t\t\t\t\t<h3 class=\"wd-post-title wd-entities-title title post-title\">\n\t\t\t\t\t<a href=\"https:\/\/www.eautotoltokabel.hu\/eauto\/mercedes\/mercedes-gle-500e\/\" rel=\"bookmark\">Mercedes GLE 500e | Plug-in Hybrid Aut\u00f3 T\u00f6lt\u0151k\u00e1bel<\/a>\n\t\t\t\t<\/h3>\n\t\t\t\n\t\t\t\t\t\t\t<div class=\"wd-post-meta\">\n\t\t\t\t\t\t\t\t\t\t\t\t\t<link rel=\"stylesheet\" id=\"wd-blog-mod-author-css\" href=\"https:\/\/www.eautotoltokabel.hu\/wp-content\/themes\/woodmart\/css\/parts\/blog-mod-author.min.css?ver=8.3.8\" type=\"text\/css\" media=\"all\" \/> \t\t\t\t\t\t\t\t<div class=\"wd-post-author\">\n\t\t\t\t\t\t\t\t\t\t\t<span>Megosztotta<\/span>\n\t\t\n\t\t\t\t\t<img alt='author-avatar' src='https:\/\/secure.gravatar.com\/avatar\/6553ec3c43c3fb0751a0fc5fffaffb8b83beae42eb5b4d50d65b3c8731f20eaf?s=18&#038;d=mm&#038;r=g' srcset='https:\/\/secure.gravatar.com\/avatar\/6553ec3c43c3fb0751a0fc5fffaffb8b83beae42eb5b4d50d65b3c8731f20eaf?s=36&#038;d=mm&#038;r=g 2x' class='avatar avatar-18 photo' height='18' width='18' decoding='async'\/>\t\t\n\t\t\t\t\t<a href=\"https:\/\/www.eautotoltokabel.hu\/author\/eautoadmin\/\" class=\"author\" rel=\"author\">rekavihari<\/a>\n\t\t\t\t\t\t\t\t\t<\/div>\n\t\t\t\t\t<div class=\"wd-modified-date\">\n\t\t\t\t\t\t\t\t<time class=\"updated\" datetime=\"2025-03-19T09:28:42+01:00\">\n\t\t\t2025.03.19.\t\t<\/time>\n\t\t\t\t\t\t\t<\/div>\n\n\t\t\t\t\t\t\t\t\t\t\t<div tabindex=\"0\" class=\"wd-post-share wd-tltp\">\n\t\t\t\t\t\t\t<div class=\"tooltip top\">\n\t\t\t\t\t\t\t\t<div class=\"tooltip-inner\">\n\t\t\t\t\t\t\t\t\t\t\t\t<link rel=\"stylesheet\" id=\"wd-social-icons-css\" href=\"https:\/\/www.eautotoltokabel.hu\/wp-content\/themes\/woodmart\/css\/parts\/el-social-icons.min.css?ver=8.3.8\" type=\"text\/css\" media=\"all\" \/> \t\t\t\t\t\t<div\n\t\t\t\t\t\tclass=\" wd-social-icons  wd-style-default wd-size-small social-share wd-shape-circle color-scheme-light text-center\">\n\t\t\t\t\n\t\t\t\t\n\t\t\t\t\t\t\t\t\t<a rel=\"noopener noreferrer nofollow\" href=\"https:\/\/www.facebook.com\/sharer\/sharer.php?u=https:\/\/www.eautotoltokabel.hu\/bejegyzesek\/\" target=\"_blank\" class=\" wd-social-icon social-facebook\" aria-label=\"Facebook social link\">\n\t\t\t\t\t\t<span class=\"wd-icon\"><\/span>\n\t\t\t\t\t\t\t\t\t\t\t<\/a>\n\t\t\t\t\n\t\t\t\t\t\t\t\t\t<a rel=\"noopener noreferrer nofollow\" href=\"https:\/\/x.com\/share?url=https:\/\/www.eautotoltokabel.hu\/bejegyzesek\/\" target=\"_blank\" class=\" wd-social-icon social-twitter\" aria-label=\"X social link\">\n\t\t\t\t\t\t<span class=\"wd-icon\"><\/span>\n\t\t\t\t\t\t\t\t\t\t\t<\/a>\n\t\t\t\t\n\t\t\t\t\n\t\t\t\t\n\t\t\t\t\n\t\t\t\t\n\t\t\t\t\n\t\t\t\t\t\t\t\t\t<a rel=\"noopener noreferrer nofollow\" href=\"https:\/\/pinterest.com\/pin\/create\/button\/?url=https:\/\/www.eautotoltokabel.hu\/bejegyzesek\/&media=https:\/\/www.eautotoltokabel.hu\/wp-content\/uploads\/2019\/11\/Mercedes-Benz-GLE500e-Plug-In-Hybrid_v1.jpg&description=Mercedes+GLE+500e+%7C+Plug-in+Hybrid+Aut%C3%B3+T%C3%B6lt%C5%91k%C3%A1bel\" target=\"_blank\" class=\" wd-social-icon social-pinterest\" aria-label=\"Pinterest social link\">\n\t\t\t\t\t\t<span class=\"wd-icon\"><\/span>\n\t\t\t\t\t\t\t\t\t\t\t<\/a>\n\t\t\t\t\n\t\t\t\t\n\t\t\t\t\t\t\t\t\t<a rel=\"noopener noreferrer nofollow\" href=\"https:\/\/www.linkedin.com\/shareArticle?mini=true&url=https:\/\/www.eautotoltokabel.hu\/bejegyzesek\/\" target=\"_blank\" class=\" wd-social-icon social-linkedin\" aria-label=\"Linkedin social link\">\n\t\t\t\t\t\t<span class=\"wd-icon\"><\/span>\n\t\t\t\t\t\t\t\t\t\t\t<\/a>\n\t\t\t\t\n\t\t\t\t\n\t\t\t\t\n\t\t\t\t\n\t\t\t\t\n\t\t\t\t\n\t\t\t\t\n\t\t\t\t\n\t\t\t\t\n\t\t\t\t\n\t\t\t\t\n\t\t\t\t\n\t\t\t\t\n\t\t\t\t\n\t\t\t\t\n\t\t\t\t\t\t\t\t\t<a rel=\"noopener noreferrer nofollow\" href=\"https:\/\/telegram.me\/share\/url?url=https:\/\/www.eautotoltokabel.hu\/bejegyzesek\/\" target=\"_blank\" class=\" wd-social-icon social-tg\" aria-label=\"Telegram social link\">\n\t\t\t\t\t\t<span class=\"wd-icon\"><\/span>\n\t\t\t\t\t\t\t\t\t\t\t<\/a>\n\t\t\t\t\n\t\t\t\t\n\t\t\t<\/div>\n\n\t\t\t\t\t\t\t\t\t\t<\/div>\n\t\t\t\t\t\t\t\t<div class=\"tooltip-arrow\"><\/div>\n\t\t\t\t\t\t\t<\/div>\n\t\t\t\t\t\t<\/div>\n\t\t\t\t\t\n\t\t\t\t\t\t\t\t\t<\/div>\n\t\t\t\n\t\t\t\t\t\t\t\t\t\t\t\t<div class=\"wd-post-excerpt entry-content\">\n\t\t\t\t\t\tMercedes GLE 500e\r\n\r\n\r\n\r\nT\u00edpus\r\n\t\t\t\t\t<\/div>\n\t\t\t\t\n\t\t\t\t\t\t\t\t\t\t\t\t\t\t<div class=\"wd-post-read-more wd-style-link read-more-section\">\n\t\t\t\t\t\t<a class=\"\" href=\"https:\/\/www.eautotoltokabel.hu\/eauto\/mercedes\/mercedes-gle-500e\/\">Folytatom az olvas\u00e1st<\/a>\t\t\t\t\t<\/div>\n\t\t\t\t\t\t\t\t\t\t\t\t\t<\/div>\n\t<\/div>\n<\/article>\n\n\t\t\t\t\t\t\t\t\t\t\t\n<article id=\"post-7864\" class=\"wd-post blog-design-masonry blog-post-loop blog-style-bg wd-add-shadow wd-col post-7864 post type-post status-publish format-standard has-post-thumbnail hentry category-mercedes tag-mercedes-benz-c350 tag-mercedes-benz-c350-plug-in-hybrid\">\n\t<div class=\"wd-post-inner article-inner\">\n\t\t\t\t\t<div class=\"wd-post-thumb entry-header\">\n\t\t\t\t\t\t\t\t\t<div class=\"wd-post-img post-img-wrapp\">\n\t\t\t\t\t\t<img width=\"1200\" height=\"799\" src=\"https:\/\/www.eautotoltokabel.hu\/wp-content\/uploads\/2019\/11\/Mercedes-Benz-GLC-350e.jpg\" class=\"attachment- size-\" alt=\"Mercedes-Benz GLC 350e\" decoding=\"async\" srcset=\"https:\/\/www.eautotoltokabel.hu\/wp-content\/uploads\/2019\/11\/Mercedes-Benz-GLC-350e.jpg 1200w, https:\/\/www.eautotoltokabel.hu\/wp-content\/uploads\/2019\/11\/Mercedes-Benz-GLC-350e-150x100.jpg 150w, https:\/\/www.eautotoltokabel.hu\/wp-content\/uploads\/2019\/11\/Mercedes-Benz-GLC-350e-920x613.jpg 920w, https:\/\/www.eautotoltokabel.hu\/wp-content\/uploads\/2019\/11\/Mercedes-Benz-GLC-350e-300x200.jpg 300w, https:\/\/www.eautotoltokabel.hu\/wp-content\/uploads\/2019\/11\/Mercedes-Benz-GLC-350e-1024x682.jpg 1024w, https:\/\/www.eautotoltokabel.hu\/wp-content\/uploads\/2019\/11\/Mercedes-Benz-GLC-350e-768x511.jpg 768w\" sizes=\"(max-width: 1200px) 100vw, 1200px\" \/>\t\t\t\t\t<\/div>\n\t\t\t\t\t\t\t\t\t\t<a class=\"wd-fill\" tabindex=\"-1\" href=\"https:\/\/www.eautotoltokabel.hu\/eauto\/mercedes\/mercedes-c-350-limuzin\/\" aria-label=\"Link on post Mercedes C 350e Limuzin | Plug-in Hybrid Aut\u00f3 T\u00f6lt\u0151k\u00e1bel\"><\/a>\n\t\t\t\t\n\t\t\t\t\t\t\t\t\t\t\t\t<div class=\"wd-post-date wd-style-with-bg\">\n\t\t\t\t<span class=\"post-date-day\">\n\t\t\t\t\t30\t\t\t\t<\/span>\n\t\t\t\t<span class=\"post-date-month\">\n\t\t\t\t\tnov\t\t\t\t<\/span>\n\t\t\t<\/div>\n\t\t\t\t\t\t\t\t\t<\/div>\n\t\t\n\t\t<div class=\"wd-post-content article-body-container\">\n\t\t\t\t\t\t\t<div class=\"wd-post-cat wd-style-with-bg meta-post-categories\">\n\t\t\t\t\t<a href=\"https:\/\/www.eautotoltokabel.hu\/kategoria\/eauto\/mercedes\/\" rel=\"category tag\">Mercedes<\/a>\t\t\t\t<\/div>\n\t\t\t\n\t\t\t\t\t\t\t<h3 class=\"wd-post-title wd-entities-title title post-title\">\n\t\t\t\t\t<a href=\"https:\/\/www.eautotoltokabel.hu\/eauto\/mercedes\/mercedes-c-350-limuzin\/\" rel=\"bookmark\">Mercedes C 350e Limuzin | Plug-in Hybrid Aut\u00f3 T\u00f6lt\u0151k\u00e1bel<\/a>\n\t\t\t\t<\/h3>\n\t\t\t\n\t\t\t\t\t\t\t<div class=\"wd-post-meta\">\n\t\t\t\t\t\t\t\t\t\t\t\t\t\t\t<div class=\"wd-post-author\">\n\t\t\t\t\t\t\t\t\t\t\t<span>Megosztotta<\/span>\n\t\t\n\t\t\t\t\t<img alt='author-avatar' src='https:\/\/secure.gravatar.com\/avatar\/6553ec3c43c3fb0751a0fc5fffaffb8b83beae42eb5b4d50d65b3c8731f20eaf?s=18&#038;d=mm&#038;r=g' srcset='https:\/\/secure.gravatar.com\/avatar\/6553ec3c43c3fb0751a0fc5fffaffb8b83beae42eb5b4d50d65b3c8731f20eaf?s=36&#038;d=mm&#038;r=g 2x' class='avatar avatar-18 photo' height='18' width='18' decoding='async'\/>\t\t\n\t\t\t\t\t<a href=\"https:\/\/www.eautotoltokabel.hu\/author\/eautoadmin\/\" class=\"author\" rel=\"author\">rekavihari<\/a>\n\t\t\t\t\t\t\t\t\t<\/div>\n\t\t\t\t\t<div class=\"wd-modified-date\">\n\t\t\t\t\t\t\t\t<time class=\"updated\" datetime=\"2025-03-19T09:28:39+01:00\">\n\t\t\t2025.03.19.\t\t<\/time>\n\t\t\t\t\t\t\t<\/div>\n\n\t\t\t\t\t\t\t\t\t\t\t<div tabindex=\"0\" class=\"wd-post-share wd-tltp\">\n\t\t\t\t\t\t\t<div class=\"tooltip top\">\n\t\t\t\t\t\t\t\t<div class=\"tooltip-inner\">\n\t\t\t\t\t\t\t\t\t\t\t\t<div\n\t\t\t\t\t\tclass=\" wd-social-icons  wd-style-default wd-size-small social-share wd-shape-circle color-scheme-light text-center\">\n\t\t\t\t\n\t\t\t\t\n\t\t\t\t\t\t\t\t\t<a rel=\"noopener noreferrer nofollow\" href=\"https:\/\/www.facebook.com\/sharer\/sharer.php?u=https:\/\/www.eautotoltokabel.hu\/bejegyzesek\/\" target=\"_blank\" class=\" wd-social-icon social-facebook\" aria-label=\"Facebook social link\">\n\t\t\t\t\t\t<span class=\"wd-icon\"><\/span>\n\t\t\t\t\t\t\t\t\t\t\t<\/a>\n\t\t\t\t\n\t\t\t\t\t\t\t\t\t<a rel=\"noopener noreferrer nofollow\" href=\"https:\/\/x.com\/share?url=https:\/\/www.eautotoltokabel.hu\/bejegyzesek\/\" target=\"_blank\" class=\" wd-social-icon social-twitter\" aria-label=\"X social link\">\n\t\t\t\t\t\t<span class=\"wd-icon\"><\/span>\n\t\t\t\t\t\t\t\t\t\t\t<\/a>\n\t\t\t\t\n\t\t\t\t\n\t\t\t\t\n\t\t\t\t\n\t\t\t\t\n\t\t\t\t\n\t\t\t\t\t\t\t\t\t<a rel=\"noopener noreferrer nofollow\" href=\"https:\/\/pinterest.com\/pin\/create\/button\/?url=https:\/\/www.eautotoltokabel.hu\/bejegyzesek\/&media=https:\/\/www.eautotoltokabel.hu\/wp-content\/uploads\/2019\/11\/Mercedes-Benz-GLC-350e.jpg&description=Mercedes+C+350e+Limuzin+%7C+Plug-in+Hybrid+Aut%C3%B3+T%C3%B6lt%C5%91k%C3%A1bel\" target=\"_blank\" class=\" wd-social-icon social-pinterest\" aria-label=\"Pinterest social link\">\n\t\t\t\t\t\t<span class=\"wd-icon\"><\/span>\n\t\t\t\t\t\t\t\t\t\t\t<\/a>\n\t\t\t\t\n\t\t\t\t\n\t\t\t\t\t\t\t\t\t<a rel=\"noopener noreferrer nofollow\" href=\"https:\/\/www.linkedin.com\/shareArticle?mini=true&url=https:\/\/www.eautotoltokabel.hu\/bejegyzesek\/\" target=\"_blank\" class=\" wd-social-icon social-linkedin\" aria-label=\"Linkedin social link\">\n\t\t\t\t\t\t<span class=\"wd-icon\"><\/span>\n\t\t\t\t\t\t\t\t\t\t\t<\/a>\n\t\t\t\t\n\t\t\t\t\n\t\t\t\t\n\t\t\t\t\n\t\t\t\t\n\t\t\t\t\n\t\t\t\t\n\t\t\t\t\n\t\t\t\t\n\t\t\t\t\n\t\t\t\t\n\t\t\t\t\n\t\t\t\t\n\t\t\t\t\n\t\t\t\t\n\t\t\t\t\t\t\t\t\t<a rel=\"noopener noreferrer nofollow\" href=\"https:\/\/telegram.me\/share\/url?url=https:\/\/www.eautotoltokabel.hu\/bejegyzesek\/\" target=\"_blank\" class=\" wd-social-icon social-tg\" aria-label=\"Telegram social link\">\n\t\t\t\t\t\t<span class=\"wd-icon\"><\/span>\n\t\t\t\t\t\t\t\t\t\t\t<\/a>\n\t\t\t\t\n\t\t\t\t\n\t\t\t<\/div>\n\n\t\t\t\t\t\t\t\t\t\t<\/div>\n\t\t\t\t\t\t\t\t<div class=\"tooltip-arrow\"><\/div>\n\t\t\t\t\t\t\t<\/div>\n\t\t\t\t\t\t<\/div>\n\t\t\t\t\t\n\t\t\t\t\t\t\t\t\t<\/div>\n\t\t\t\n\t\t\t\t\t\t\t\t\t\t\t\t<div class=\"wd-post-excerpt entry-content\">\n\t\t\t\t\t\tMercedes C 350e Limuzin\r\n\r\n\r\n\r\nT\u00edpus\r\n\t\t\t\t\t<\/div>\n\t\t\t\t\n\t\t\t\t\t\t\t\t\t\t\t\t\t\t<div class=\"wd-post-read-more wd-style-link read-more-section\">\n\t\t\t\t\t\t<a class=\"\" href=\"https:\/\/www.eautotoltokabel.hu\/eauto\/mercedes\/mercedes-c-350-limuzin\/\">Folytatom az olvas\u00e1st<\/a>\t\t\t\t\t<\/div>\n\t\t\t\t\t\t\t\t\t\t\t\t\t<\/div>\n\t<\/div>\n<\/article>\n\n\t\t\t\t\t\t\t\t\t\t\t\n<article id=\"post-7859\" class=\"wd-post blog-design-masonry blog-post-loop blog-style-bg wd-add-shadow wd-col post-7859 post type-post status-publish format-standard has-post-thumbnail hentry category-mercedes tag-mercedes-benz-350e tag-mercedes-benz-glc tag-mercedes-benz-glc-350e\">\n\t<div class=\"wd-post-inner article-inner\">\n\t\t\t\t\t<div class=\"wd-post-thumb entry-header\">\n\t\t\t\t\t\t\t\t\t<div class=\"wd-post-img post-img-wrapp\">\n\t\t\t\t\t\t<img width=\"896\" height=\"504\" src=\"https:\/\/www.eautotoltokabel.hu\/wp-content\/uploads\/2019\/11\/02-mercedes-benz-mbsocialcar-glc-350-e-4matic-x-253-calendar-september-2018-2560x1440.jpeg\" class=\"attachment- size-\" alt=\"mercedes-benz glc 350 e\" decoding=\"async\" srcset=\"https:\/\/www.eautotoltokabel.hu\/wp-content\/uploads\/2019\/11\/02-mercedes-benz-mbsocialcar-glc-350-e-4matic-x-253-calendar-september-2018-2560x1440.jpeg 896w, https:\/\/www.eautotoltokabel.hu\/wp-content\/uploads\/2019\/11\/02-mercedes-benz-mbsocialcar-glc-350-e-4matic-x-253-calendar-september-2018-2560x1440-150x84.jpeg 150w, https:\/\/www.eautotoltokabel.hu\/wp-content\/uploads\/2019\/11\/02-mercedes-benz-mbsocialcar-glc-350-e-4matic-x-253-calendar-september-2018-2560x1440-300x169.jpeg 300w, https:\/\/www.eautotoltokabel.hu\/wp-content\/uploads\/2019\/11\/02-mercedes-benz-mbsocialcar-glc-350-e-4matic-x-253-calendar-september-2018-2560x1440-768x432.jpeg 768w\" sizes=\"(max-width: 896px) 100vw, 896px\" \/>\t\t\t\t\t<\/div>\n\t\t\t\t\t\t\t\t\t\t<a class=\"wd-fill\" tabindex=\"-1\" href=\"https:\/\/www.eautotoltokabel.hu\/eauto\/mercedes\/mercedes-glc-350e\/\" aria-label=\"Link on post Mercedes GLC 350e | Plug-in Hybrid Aut\u00f3 T\u00f6lt\u0151k\u00e1bel\"><\/a>\n\t\t\t\t\n\t\t\t\t\t\t\t\t\t\t\t\t<div class=\"wd-post-date wd-style-with-bg\">\n\t\t\t\t<span class=\"post-date-day\">\n\t\t\t\t\t30\t\t\t\t<\/span>\n\t\t\t\t<span class=\"post-date-month\">\n\t\t\t\t\tnov\t\t\t\t<\/span>\n\t\t\t<\/div>\n\t\t\t\t\t\t\t\t\t<\/div>\n\t\t\n\t\t<div class=\"wd-post-content article-body-container\">\n\t\t\t\t\t\t\t<div class=\"wd-post-cat wd-style-with-bg meta-post-categories\">\n\t\t\t\t\t<a href=\"https:\/\/www.eautotoltokabel.hu\/kategoria\/eauto\/mercedes\/\" rel=\"category tag\">Mercedes<\/a>\t\t\t\t<\/div>\n\t\t\t\n\t\t\t\t\t\t\t<h3 class=\"wd-post-title wd-entities-title title post-title\">\n\t\t\t\t\t<a href=\"https:\/\/www.eautotoltokabel.hu\/eauto\/mercedes\/mercedes-glc-350e\/\" rel=\"bookmark\">Mercedes GLC 350e | Plug-in Hybrid Aut\u00f3 T\u00f6lt\u0151k\u00e1bel<\/a>\n\t\t\t\t<\/h3>\n\t\t\t\n\t\t\t\t\t\t\t<div class=\"wd-post-meta\">\n\t\t\t\t\t\t\t\t\t\t\t\t\t\t\t<div class=\"wd-post-author\">\n\t\t\t\t\t\t\t\t\t\t\t<span>Megosztotta<\/span>\n\t\t\n\t\t\t\t\t<img alt='author-avatar' src='https:\/\/secure.gravatar.com\/avatar\/6553ec3c43c3fb0751a0fc5fffaffb8b83beae42eb5b4d50d65b3c8731f20eaf?s=18&#038;d=mm&#038;r=g' srcset='https:\/\/secure.gravatar.com\/avatar\/6553ec3c43c3fb0751a0fc5fffaffb8b83beae42eb5b4d50d65b3c8731f20eaf?s=36&#038;d=mm&#038;r=g 2x' class='avatar avatar-18 photo' height='18' width='18' decoding='async'\/>\t\t\n\t\t\t\t\t<a href=\"https:\/\/www.eautotoltokabel.hu\/author\/eautoadmin\/\" class=\"author\" rel=\"author\">rekavihari<\/a>\n\t\t\t\t\t\t\t\t\t<\/div>\n\t\t\t\t\t<div class=\"wd-modified-date\">\n\t\t\t\t\t\t\t\t<time class=\"updated\" datetime=\"2025-03-19T09:28:35+01:00\">\n\t\t\t2025.03.19.\t\t<\/time>\n\t\t\t\t\t\t\t<\/div>\n\n\t\t\t\t\t\t\t\t\t\t\t<div tabindex=\"0\" class=\"wd-post-share wd-tltp\">\n\t\t\t\t\t\t\t<div class=\"tooltip top\">\n\t\t\t\t\t\t\t\t<div class=\"tooltip-inner\">\n\t\t\t\t\t\t\t\t\t\t\t\t<div\n\t\t\t\t\t\tclass=\" wd-social-icons  wd-style-default wd-size-small social-share wd-shape-circle color-scheme-light text-center\">\n\t\t\t\t\n\t\t\t\t\n\t\t\t\t\t\t\t\t\t<a rel=\"noopener noreferrer nofollow\" href=\"https:\/\/www.facebook.com\/sharer\/sharer.php?u=https:\/\/www.eautotoltokabel.hu\/bejegyzesek\/\" target=\"_blank\" class=\" wd-social-icon social-facebook\" aria-label=\"Facebook social link\">\n\t\t\t\t\t\t<span class=\"wd-icon\"><\/span>\n\t\t\t\t\t\t\t\t\t\t\t<\/a>\n\t\t\t\t\n\t\t\t\t\t\t\t\t\t<a rel=\"noopener noreferrer nofollow\" href=\"https:\/\/x.com\/share?url=https:\/\/www.eautotoltokabel.hu\/bejegyzesek\/\" target=\"_blank\" class=\" wd-social-icon social-twitter\" aria-label=\"X social link\">\n\t\t\t\t\t\t<span class=\"wd-icon\"><\/span>\n\t\t\t\t\t\t\t\t\t\t\t<\/a>\n\t\t\t\t\n\t\t\t\t\n\t\t\t\t\n\t\t\t\t\n\t\t\t\t\n\t\t\t\t\n\t\t\t\t\t\t\t\t\t<a rel=\"noopener noreferrer nofollow\" href=\"https:\/\/pinterest.com\/pin\/create\/button\/?url=https:\/\/www.eautotoltokabel.hu\/bejegyzesek\/&media=https:\/\/www.eautotoltokabel.hu\/wp-content\/uploads\/2019\/11\/02-mercedes-benz-mbsocialcar-glc-350-e-4matic-x-253-calendar-september-2018-2560x1440.jpeg&description=Mercedes+GLC+350e+%7C+Plug-in+Hybrid+Aut%C3%B3+T%C3%B6lt%C5%91k%C3%A1bel\" target=\"_blank\" class=\" wd-social-icon social-pinterest\" aria-label=\"Pinterest social link\">\n\t\t\t\t\t\t<span class=\"wd-icon\"><\/span>\n\t\t\t\t\t\t\t\t\t\t\t<\/a>\n\t\t\t\t\n\t\t\t\t\n\t\t\t\t\t\t\t\t\t<a rel=\"noopener noreferrer nofollow\" href=\"https:\/\/www.linkedin.com\/shareArticle?mini=true&url=https:\/\/www.eautotoltokabel.hu\/bejegyzesek\/\" target=\"_blank\" class=\" wd-social-icon social-linkedin\" aria-label=\"Linkedin social link\">\n\t\t\t\t\t\t<span class=\"wd-icon\"><\/span>\n\t\t\t\t\t\t\t\t\t\t\t<\/a>\n\t\t\t\t\n\t\t\t\t\n\t\t\t\t\n\t\t\t\t\n\t\t\t\t\n\t\t\t\t\n\t\t\t\t\n\t\t\t\t\n\t\t\t\t\n\t\t\t\t\n\t\t\t\t\n\t\t\t\t\n\t\t\t\t\n\t\t\t\t\n\t\t\t\t\n\t\t\t\t\t\t\t\t\t<a rel=\"noopener noreferrer nofollow\" href=\"https:\/\/telegram.me\/share\/url?url=https:\/\/www.eautotoltokabel.hu\/bejegyzesek\/\" target=\"_blank\" class=\" wd-social-icon social-tg\" aria-label=\"Telegram social link\">\n\t\t\t\t\t\t<span class=\"wd-icon\"><\/span>\n\t\t\t\t\t\t\t\t\t\t\t<\/a>\n\t\t\t\t\n\t\t\t\t\n\t\t\t<\/div>\n\n\t\t\t\t\t\t\t\t\t\t<\/div>\n\t\t\t\t\t\t\t\t<div class=\"tooltip-arrow\"><\/div>\n\t\t\t\t\t\t\t<\/div>\n\t\t\t\t\t\t<\/div>\n\t\t\t\t\t\n\t\t\t\t\t\t\t\t\t<\/div>\n\t\t\t\n\t\t\t\t\t\t\t\t\t\t\t\t<div class=\"wd-post-excerpt entry-content\">\n\t\t\t\t\t\tMercedes GLC 350e\r\n\r\n\r\n\r\nT\u00edpus\r\n\t\t\t\t\t<\/div>\n\t\t\t\t\n\t\t\t\t\t\t\t\t\t\t\t\t\t\t<div class=\"wd-post-read-more wd-style-link read-more-section\">\n\t\t\t\t\t\t<a class=\"\" href=\"https:\/\/www.eautotoltokabel.hu\/eauto\/mercedes\/mercedes-glc-350e\/\">Folytatom az olvas\u00e1st<\/a>\t\t\t\t\t<\/div>\n\t\t\t\t\t\t\t\t\t\t\t\t\t<\/div>\n\t<\/div>\n<\/article>\n\n\t\t\t\t\t\t\t\t\t\t\t\n<article id=\"post-7855\" class=\"wd-post blog-design-masonry blog-post-loop blog-style-bg wd-add-shadow wd-col post-7855 post type-post status-publish format-standard has-post-thumbnail hentry category-mercedes tag-mercedes-benz-550e tag-mercedes-benz-gle tag-mercedes-benz-gle-550e\">\n\t<div class=\"wd-post-inner article-inner\">\n\t\t\t\t\t<div class=\"wd-post-thumb entry-header\">\n\t\t\t\t\t\t\t\t\t<div class=\"wd-post-img post-img-wrapp\">\n\t\t\t\t\t\t<img width=\"1500\" height=\"500\" src=\"https:\/\/www.eautotoltokabel.hu\/wp-content\/uploads\/2019\/11\/Mercedes-Benz-GLE-550e.jpg\" class=\"attachment- size-\" alt=\"Mercedes-Benz GLE 550e\" decoding=\"async\" srcset=\"https:\/\/www.eautotoltokabel.hu\/wp-content\/uploads\/2019\/11\/Mercedes-Benz-GLE-550e.jpg 1500w, https:\/\/www.eautotoltokabel.hu\/wp-content\/uploads\/2019\/11\/Mercedes-Benz-GLE-550e-150x50.jpg 150w, https:\/\/www.eautotoltokabel.hu\/wp-content\/uploads\/2019\/11\/Mercedes-Benz-GLE-550e-920x307.jpg 920w, https:\/\/www.eautotoltokabel.hu\/wp-content\/uploads\/2019\/11\/Mercedes-Benz-GLE-550e-300x100.jpg 300w, https:\/\/www.eautotoltokabel.hu\/wp-content\/uploads\/2019\/11\/Mercedes-Benz-GLE-550e-1024x341.jpg 1024w, https:\/\/www.eautotoltokabel.hu\/wp-content\/uploads\/2019\/11\/Mercedes-Benz-GLE-550e-768x256.jpg 768w\" sizes=\"(max-width: 1500px) 100vw, 1500px\" \/>\t\t\t\t\t<\/div>\n\t\t\t\t\t\t\t\t\t\t<a class=\"wd-fill\" tabindex=\"-1\" href=\"https:\/\/www.eautotoltokabel.hu\/eauto\/mercedes\/mercedes-gle-550e\/\" aria-label=\"Link on post Mercedes GLE 550e | Plug-in Hybrid Aut\u00f3 T\u00f6lt\u0151k\u00e1bel\"><\/a>\n\t\t\t\t\n\t\t\t\t\t\t\t\t\t\t\t\t<div class=\"wd-post-date wd-style-with-bg\">\n\t\t\t\t<span class=\"post-date-day\">\n\t\t\t\t\t30\t\t\t\t<\/span>\n\t\t\t\t<span class=\"post-date-month\">\n\t\t\t\t\tnov\t\t\t\t<\/span>\n\t\t\t<\/div>\n\t\t\t\t\t\t\t\t\t<\/div>\n\t\t\n\t\t<div class=\"wd-post-content article-body-container\">\n\t\t\t\t\t\t\t<div class=\"wd-post-cat wd-style-with-bg meta-post-categories\">\n\t\t\t\t\t<a href=\"https:\/\/www.eautotoltokabel.hu\/kategoria\/eauto\/mercedes\/\" rel=\"category tag\">Mercedes<\/a>\t\t\t\t<\/div>\n\t\t\t\n\t\t\t\t\t\t\t<h3 class=\"wd-post-title wd-entities-title title post-title\">\n\t\t\t\t\t<a href=\"https:\/\/www.eautotoltokabel.hu\/eauto\/mercedes\/mercedes-gle-550e\/\" rel=\"bookmark\">Mercedes GLE 550e | Plug-in Hybrid Aut\u00f3 T\u00f6lt\u0151k\u00e1bel<\/a>\n\t\t\t\t<\/h3>\n\t\t\t\n\t\t\t\t\t\t\t<div class=\"wd-post-meta\">\n\t\t\t\t\t\t\t\t\t\t\t\t\t\t\t<div class=\"wd-post-author\">\n\t\t\t\t\t\t\t\t\t\t\t<span>Megosztotta<\/span>\n\t\t\n\t\t\t\t\t<img alt='author-avatar' src='https:\/\/secure.gravatar.com\/avatar\/6553ec3c43c3fb0751a0fc5fffaffb8b83beae42eb5b4d50d65b3c8731f20eaf?s=18&#038;d=mm&#038;r=g' srcset='https:\/\/secure.gravatar.com\/avatar\/6553ec3c43c3fb0751a0fc5fffaffb8b83beae42eb5b4d50d65b3c8731f20eaf?s=36&#038;d=mm&#038;r=g 2x' class='avatar avatar-18 photo' height='18' width='18' decoding='async'\/>\t\t\n\t\t\t\t\t<a href=\"https:\/\/www.eautotoltokabel.hu\/author\/eautoadmin\/\" class=\"author\" rel=\"author\">rekavihari<\/a>\n\t\t\t\t\t\t\t\t\t<\/div>\n\t\t\t\t\t<div class=\"wd-modified-date\">\n\t\t\t\t\t\t\t\t<time class=\"updated\" datetime=\"2025-03-19T09:28:28+01:00\">\n\t\t\t2025.03.19.\t\t<\/time>\n\t\t\t\t\t\t\t<\/div>\n\n\t\t\t\t\t\t\t\t\t\t\t<div tabindex=\"0\" class=\"wd-post-share wd-tltp\">\n\t\t\t\t\t\t\t<div class=\"tooltip top\">\n\t\t\t\t\t\t\t\t<div class=\"tooltip-inner\">\n\t\t\t\t\t\t\t\t\t\t\t\t<div\n\t\t\t\t\t\tclass=\" wd-social-icons  wd-style-default wd-size-small social-share wd-shape-circle color-scheme-light text-center\">\n\t\t\t\t\n\t\t\t\t\n\t\t\t\t\t\t\t\t\t<a rel=\"noopener noreferrer nofollow\" href=\"https:\/\/www.facebook.com\/sharer\/sharer.php?u=https:\/\/www.eautotoltokabel.hu\/bejegyzesek\/\" target=\"_blank\" class=\" wd-social-icon social-facebook\" aria-label=\"Facebook social link\">\n\t\t\t\t\t\t<span class=\"wd-icon\"><\/span>\n\t\t\t\t\t\t\t\t\t\t\t<\/a>\n\t\t\t\t\n\t\t\t\t\t\t\t\t\t<a rel=\"noopener noreferrer nofollow\" href=\"https:\/\/x.com\/share?url=https:\/\/www.eautotoltokabel.hu\/bejegyzesek\/\" target=\"_blank\" class=\" wd-social-icon social-twitter\" aria-label=\"X social link\">\n\t\t\t\t\t\t<span class=\"wd-icon\"><\/span>\n\t\t\t\t\t\t\t\t\t\t\t<\/a>\n\t\t\t\t\n\t\t\t\t\n\t\t\t\t\n\t\t\t\t\n\t\t\t\t\n\t\t\t\t\n\t\t\t\t\t\t\t\t\t<a rel=\"noopener noreferrer nofollow\" href=\"https:\/\/pinterest.com\/pin\/create\/button\/?url=https:\/\/www.eautotoltokabel.hu\/bejegyzesek\/&media=https:\/\/www.eautotoltokabel.hu\/wp-content\/uploads\/2019\/11\/Mercedes-Benz-GLE-550e.jpg&description=Mercedes+GLE+550e+%7C+Plug-in+Hybrid+Aut%C3%B3+T%C3%B6lt%C5%91k%C3%A1bel\" target=\"_blank\" class=\" wd-social-icon social-pinterest\" aria-label=\"Pinterest social link\">\n\t\t\t\t\t\t<span class=\"wd-icon\"><\/span>\n\t\t\t\t\t\t\t\t\t\t\t<\/a>\n\t\t\t\t\n\t\t\t\t\n\t\t\t\t\t\t\t\t\t<a rel=\"noopener noreferrer nofollow\" href=\"https:\/\/www.linkedin.com\/shareArticle?mini=true&url=https:\/\/www.eautotoltokabel.hu\/bejegyzesek\/\" target=\"_blank\" class=\" wd-social-icon social-linkedin\" aria-label=\"Linkedin social link\">\n\t\t\t\t\t\t<span class=\"wd-icon\"><\/span>\n\t\t\t\t\t\t\t\t\t\t\t<\/a>\n\t\t\t\t\n\t\t\t\t\n\t\t\t\t\n\t\t\t\t\n\t\t\t\t\n\t\t\t\t\n\t\t\t\t\n\t\t\t\t\n\t\t\t\t\n\t\t\t\t\n\t\t\t\t\n\t\t\t\t\n\t\t\t\t\n\t\t\t\t\n\t\t\t\t\n\t\t\t\t\t\t\t\t\t<a rel=\"noopener noreferrer nofollow\" href=\"https:\/\/telegram.me\/share\/url?url=https:\/\/www.eautotoltokabel.hu\/bejegyzesek\/\" target=\"_blank\" class=\" wd-social-icon social-tg\" aria-label=\"Telegram social link\">\n\t\t\t\t\t\t<span class=\"wd-icon\"><\/span>\n\t\t\t\t\t\t\t\t\t\t\t<\/a>\n\t\t\t\t\n\t\t\t\t\n\t\t\t<\/div>\n\n\t\t\t\t\t\t\t\t\t\t<\/div>\n\t\t\t\t\t\t\t\t<div class=\"tooltip-arrow\"><\/div>\n\t\t\t\t\t\t\t<\/div>\n\t\t\t\t\t\t<\/div>\n\t\t\t\t\t\n\t\t\t\t\t\t\t\t\t<\/div>\n\t\t\t\n\t\t\t\t\t\t\t\t\t\t\t\t<div class=\"wd-post-excerpt entry-content\">\n\t\t\t\t\t\tMercedes GLE 550e\r\n\r\n\r\n\r\nT\u00edpus\r\n\t\t\t\t\t<\/div>\n\t\t\t\t\n\t\t\t\t\t\t\t\t\t\t\t\t\t\t<div class=\"wd-post-read-more wd-style-link read-more-section\">\n\t\t\t\t\t\t<a class=\"\" href=\"https:\/\/www.eautotoltokabel.hu\/eauto\/mercedes\/mercedes-gle-550e\/\">Folytatom az olvas\u00e1st<\/a>\t\t\t\t\t<\/div>\n\t\t\t\t\t\t\t\t\t\t\t\t\t<\/div>\n\t<\/div>\n<\/article>\n\n\t\t\t\t\t\t\t\t\t\t\t\n<article id=\"post-7851\" class=\"wd-post blog-design-masonry blog-post-loop blog-style-bg wd-add-shadow wd-col post-7851 post type-post status-publish format-standard has-post-thumbnail hentry category-land-rover tag-range-rover tag-range-rover-sport-hybrid\">\n\t<div class=\"wd-post-inner article-inner\">\n\t\t\t\t\t<div class=\"wd-post-thumb entry-header\">\n\t\t\t\t\t\t\t\t\t<div class=\"wd-post-img post-img-wrapp\">\n\t\t\t\t\t\t<img width=\"824\" height=\"618\" src=\"https:\/\/www.eautotoltokabel.hu\/wp-content\/uploads\/2019\/11\/Range-Rover-Sport-Hybrid_v2.jpg\" class=\"attachment- size-\" alt=\"Range Rover Sport Hybrid_\" decoding=\"async\" srcset=\"https:\/\/www.eautotoltokabel.hu\/wp-content\/uploads\/2019\/11\/Range-Rover-Sport-Hybrid_v2.jpg 824w, https:\/\/www.eautotoltokabel.hu\/wp-content\/uploads\/2019\/11\/Range-Rover-Sport-Hybrid_v2-150x113.jpg 150w, https:\/\/www.eautotoltokabel.hu\/wp-content\/uploads\/2019\/11\/Range-Rover-Sport-Hybrid_v2-300x225.jpg 300w, https:\/\/www.eautotoltokabel.hu\/wp-content\/uploads\/2019\/11\/Range-Rover-Sport-Hybrid_v2-768x576.jpg 768w\" sizes=\"(max-width: 824px) 100vw, 824px\" \/>\t\t\t\t\t<\/div>\n\t\t\t\t\t\t\t\t\t\t<a class=\"wd-fill\" tabindex=\"-1\" href=\"https:\/\/www.eautotoltokabel.hu\/eauto\/land-rover\/land-rover-range-rover-sport-phev\/\" aria-label=\"Link on post Land Rover Range Rover Sport PHEV | Plug-in Hybrid Aut\u00f3 T\u00f6lt\u0151k\u00e1bel\"><\/a>\n\t\t\t\t\n\t\t\t\t\t\t\t\t\t\t\t\t<div class=\"wd-post-date wd-style-with-bg\">\n\t\t\t\t<span class=\"post-date-day\">\n\t\t\t\t\t30\t\t\t\t<\/span>\n\t\t\t\t<span class=\"post-date-month\">\n\t\t\t\t\tnov\t\t\t\t<\/span>\n\t\t\t<\/div>\n\t\t\t\t\t\t\t\t\t<\/div>\n\t\t\n\t\t<div class=\"wd-post-content article-body-container\">\n\t\t\t\t\t\t\t<div class=\"wd-post-cat wd-style-with-bg meta-post-categories\">\n\t\t\t\t\t<a href=\"https:\/\/www.eautotoltokabel.hu\/kategoria\/eauto\/land-rover\/\" rel=\"category tag\">Land Rover<\/a>\t\t\t\t<\/div>\n\t\t\t\n\t\t\t\t\t\t\t<h3 class=\"wd-post-title wd-entities-title title post-title\">\n\t\t\t\t\t<a href=\"https:\/\/www.eautotoltokabel.hu\/eauto\/land-rover\/land-rover-range-rover-sport-phev\/\" rel=\"bookmark\">Land Rover Range Rover Sport PHEV | Plug-in Hybrid Aut\u00f3 T\u00f6lt\u0151k\u00e1bel<\/a>\n\t\t\t\t<\/h3>\n\t\t\t\n\t\t\t\t\t\t\t<div class=\"wd-post-meta\">\n\t\t\t\t\t\t\t\t\t\t\t\t\t\t\t<div class=\"wd-post-author\">\n\t\t\t\t\t\t\t\t\t\t\t<span>Megosztotta<\/span>\n\t\t\n\t\t\t\t\t<img alt='author-avatar' src='https:\/\/secure.gravatar.com\/avatar\/6553ec3c43c3fb0751a0fc5fffaffb8b83beae42eb5b4d50d65b3c8731f20eaf?s=18&#038;d=mm&#038;r=g' srcset='https:\/\/secure.gravatar.com\/avatar\/6553ec3c43c3fb0751a0fc5fffaffb8b83beae42eb5b4d50d65b3c8731f20eaf?s=36&#038;d=mm&#038;r=g 2x' class='avatar avatar-18 photo' height='18' width='18' decoding='async'\/>\t\t\n\t\t\t\t\t<a href=\"https:\/\/www.eautotoltokabel.hu\/author\/eautoadmin\/\" class=\"author\" rel=\"author\">rekavihari<\/a>\n\t\t\t\t\t\t\t\t\t<\/div>\n\t\t\t\t\t<div class=\"wd-modified-date\">\n\t\t\t\t\t\t\t\t<time class=\"updated\" datetime=\"2025-03-19T09:28:25+01:00\">\n\t\t\t2025.03.19.\t\t<\/time>\n\t\t\t\t\t\t\t<\/div>\n\n\t\t\t\t\t\t\t\t\t\t\t<div tabindex=\"0\" class=\"wd-post-share wd-tltp\">\n\t\t\t\t\t\t\t<div class=\"tooltip top\">\n\t\t\t\t\t\t\t\t<div class=\"tooltip-inner\">\n\t\t\t\t\t\t\t\t\t\t\t\t<div\n\t\t\t\t\t\tclass=\" wd-social-icons  wd-style-default wd-size-small social-share wd-shape-circle color-scheme-light text-center\">\n\t\t\t\t\n\t\t\t\t\n\t\t\t\t\t\t\t\t\t<a rel=\"noopener noreferrer nofollow\" href=\"https:\/\/www.facebook.com\/sharer\/sharer.php?u=https:\/\/www.eautotoltokabel.hu\/bejegyzesek\/\" target=\"_blank\" class=\" wd-social-icon social-facebook\" aria-label=\"Facebook social link\">\n\t\t\t\t\t\t<span class=\"wd-icon\"><\/span>\n\t\t\t\t\t\t\t\t\t\t\t<\/a>\n\t\t\t\t\n\t\t\t\t\t\t\t\t\t<a rel=\"noopener noreferrer nofollow\" href=\"https:\/\/x.com\/share?url=https:\/\/www.eautotoltokabel.hu\/bejegyzesek\/\" target=\"_blank\" class=\" wd-social-icon social-twitter\" aria-label=\"X social link\">\n\t\t\t\t\t\t<span class=\"wd-icon\"><\/span>\n\t\t\t\t\t\t\t\t\t\t\t<\/a>\n\t\t\t\t\n\t\t\t\t\n\t\t\t\t\n\t\t\t\t\n\t\t\t\t\n\t\t\t\t\n\t\t\t\t\t\t\t\t\t<a rel=\"noopener noreferrer nofollow\" href=\"https:\/\/pinterest.com\/pin\/create\/button\/?url=https:\/\/www.eautotoltokabel.hu\/bejegyzesek\/&media=https:\/\/www.eautotoltokabel.hu\/wp-content\/uploads\/2019\/11\/Range-Rover-Sport-Hybrid_v2.jpg&description=Land+Rover+Range+Rover+Sport+PHEV+%7C+Plug-in+Hybrid+Aut%C3%B3+T%C3%B6lt%C5%91k%C3%A1bel\" target=\"_blank\" class=\" wd-social-icon social-pinterest\" aria-label=\"Pinterest social link\">\n\t\t\t\t\t\t<span class=\"wd-icon\"><\/span>\n\t\t\t\t\t\t\t\t\t\t\t<\/a>\n\t\t\t\t\n\t\t\t\t\n\t\t\t\t\t\t\t\t\t<a rel=\"noopener noreferrer nofollow\" href=\"https:\/\/www.linkedin.com\/shareArticle?mini=true&url=https:\/\/www.eautotoltokabel.hu\/bejegyzesek\/\" target=\"_blank\" class=\" wd-social-icon social-linkedin\" aria-label=\"Linkedin social link\">\n\t\t\t\t\t\t<span class=\"wd-icon\"><\/span>\n\t\t\t\t\t\t\t\t\t\t\t<\/a>\n\t\t\t\t\n\t\t\t\t\n\t\t\t\t\n\t\t\t\t\n\t\t\t\t\n\t\t\t\t\n\t\t\t\t\n\t\t\t\t\n\t\t\t\t\n\t\t\t\t\n\t\t\t\t\n\t\t\t\t\n\t\t\t\t\n\t\t\t\t\n\t\t\t\t\n\t\t\t\t\t\t\t\t\t<a rel=\"noopener noreferrer nofollow\" href=\"https:\/\/telegram.me\/share\/url?url=https:\/\/www.eautotoltokabel.hu\/bejegyzesek\/\" target=\"_blank\" class=\" wd-social-icon social-tg\" aria-label=\"Telegram social link\">\n\t\t\t\t\t\t<span class=\"wd-icon\"><\/span>\n\t\t\t\t\t\t\t\t\t\t\t<\/a>\n\t\t\t\t\n\t\t\t\t\n\t\t\t<\/div>\n\n\t\t\t\t\t\t\t\t\t\t<\/div>\n\t\t\t\t\t\t\t\t<div class=\"tooltip-arrow\"><\/div>\n\t\t\t\t\t\t\t<\/div>\n\t\t\t\t\t\t<\/div>\n\t\t\t\t\t\n\t\t\t\t\t\t\t\t\t<\/div>\n\t\t\t\n\t\t\t\t\t\t\t\t\t\t\t\t<div class=\"wd-post-excerpt entry-content\">\n\t\t\t\t\t\tLand Rover Range Rover Sport PHEV\r\n\r\n\r\n\r\nT\u00edpus\r\n\t\t\t\t\t<\/div>\n\t\t\t\t\n\t\t\t\t\t\t\t\t\t\t\t\t\t\t<div class=\"wd-post-read-more wd-style-link read-more-section\">\n\t\t\t\t\t\t<a class=\"\" href=\"https:\/\/www.eautotoltokabel.hu\/eauto\/land-rover\/land-rover-range-rover-sport-phev\/\">Folytatom az olvas\u00e1st<\/a>\t\t\t\t\t<\/div>\n\t\t\t\t\t\t\t\t\t\t\t\t\t<\/div>\n\t<\/div>\n<\/article>\n\n\t\t\t\t\t\n\t\t\t\t\t","status":"have-posts","nextPage":"https:\/\/www.eautotoltokabel.hu\/bejegyzesek\/page\/88\/?woo_ajax=1","currentPage":"https:\/\/www.eautotoltokabel.hu\/bejegyzesek\/page\/87"}