
			
				

					
				

			
		{"items":"\n\t\t\t\t\t\t\t\t\t\t\t\t\t\t<link rel=\"stylesheet\" id=\"wd-post-types-mod-categories-style-bg-css\" href=\"https:\/\/www.eautotoltokabel.hu\/wp-content\/themes\/woodmart\/css\/parts\/post-types-mod-categories-style-bg.min.css?ver=8.3.8\" type=\"text\/css\" media=\"all\" \/> \t\t\t\n<article id=\"post-10422\" class=\"wd-post blog-design-masonry blog-post-loop blog-style-bg wd-add-shadow wd-col post-10422 post type-post status-publish format-standard has-post-thumbnail hentry category-audi-elektromos-auto\">\n\t<div class=\"wd-post-inner article-inner\">\n\t\t\t\t\t<div class=\"wd-post-thumb entry-header\">\n\t\t\t\t\t\t\t\t\t<div class=\"wd-post-img post-img-wrapp\">\n\t\t\t\t\t\t<img width=\"1920\" height=\"1080\" src=\"https:\/\/www.eautotoltokabel.hu\/wp-content\/uploads\/2020\/08\/audi-e-tron-sportback.jpg\" class=\"attachment- size-\" alt=\"Audi E-Tron 55 Sportback\" decoding=\"async\" fetchpriority=\"high\" srcset=\"https:\/\/www.eautotoltokabel.hu\/wp-content\/uploads\/2020\/08\/audi-e-tron-sportback.jpg 1920w, https:\/\/www.eautotoltokabel.hu\/wp-content\/uploads\/2020\/08\/audi-e-tron-sportback-150x84.jpg 150w, https:\/\/www.eautotoltokabel.hu\/wp-content\/uploads\/2020\/08\/audi-e-tron-sportback-920x518.jpg 920w, https:\/\/www.eautotoltokabel.hu\/wp-content\/uploads\/2020\/08\/audi-e-tron-sportback-300x169.jpg 300w, https:\/\/www.eautotoltokabel.hu\/wp-content\/uploads\/2020\/08\/audi-e-tron-sportback-1024x576.jpg 1024w, https:\/\/www.eautotoltokabel.hu\/wp-content\/uploads\/2020\/08\/audi-e-tron-sportback-768x432.jpg 768w, https:\/\/www.eautotoltokabel.hu\/wp-content\/uploads\/2020\/08\/audi-e-tron-sportback-1536x864.jpg 1536w\" sizes=\"(max-width: 1920px) 100vw, 1920px\" \/>\t\t\t\t\t<\/div>\n\t\t\t\t\t\t\t\t\t\t<a class=\"wd-fill\" tabindex=\"-1\" href=\"https:\/\/www.eautotoltokabel.hu\/eauto\/audi-elektromos-auto\/audi-e-tron-audi-e-tron-55\/\" aria-label=\"Link on post Audi e-tron Sportback 55 quattro | Elektromos Aut\u00f3 T\u00f6lt\u0151k\u00e1bel\"><\/a>\n\t\t\t\t\n\t\t\t\t\t\t\t\t\t\t\t\t<link rel=\"stylesheet\" id=\"wd-post-types-mod-date-style-bg-css\" href=\"https:\/\/www.eautotoltokabel.hu\/wp-content\/themes\/woodmart\/css\/parts\/post-types-mod-date-style-bg.min.css?ver=8.3.8\" type=\"text\/css\" media=\"all\" \/> \t\t\t\t\t\t<div class=\"wd-post-date wd-style-with-bg\">\n\t\t\t\t<span class=\"post-date-day\">\n\t\t\t\t\t04\t\t\t\t<\/span>\n\t\t\t\t<span class=\"post-date-month\">\n\t\t\t\t\taug\t\t\t\t<\/span>\n\t\t\t<\/div>\n\t\t\t\t\t\t\t\t\t<\/div>\n\t\t\n\t\t<div class=\"wd-post-content article-body-container\">\n\t\t\t\t\t\t\t<div class=\"wd-post-cat wd-style-with-bg meta-post-categories\">\n\t\t\t\t\t<a href=\"https:\/\/www.eautotoltokabel.hu\/kategoria\/eauto\/audi-elektromos-auto\/\" rel=\"category tag\">Audi<\/a>\t\t\t\t<\/div>\n\t\t\t\n\t\t\t\t\t\t\t<h3 class=\"wd-post-title wd-entities-title title post-title\">\n\t\t\t\t\t<a href=\"https:\/\/www.eautotoltokabel.hu\/eauto\/audi-elektromos-auto\/audi-e-tron-audi-e-tron-55\/\" rel=\"bookmark\">Audi e-tron Sportback 55 quattro | Elektromos Aut\u00f3 T\u00f6lt\u0151k\u00e1bel<\/a>\n\t\t\t\t<\/h3>\n\t\t\t\n\t\t\t\t\t\t\t<div class=\"wd-post-meta\">\n\t\t\t\t\t\t\t\t\t\t\t\t\t<link rel=\"stylesheet\" id=\"wd-blog-mod-author-css\" href=\"https:\/\/www.eautotoltokabel.hu\/wp-content\/themes\/woodmart\/css\/parts\/blog-mod-author.min.css?ver=8.3.8\" type=\"text\/css\" media=\"all\" \/> \t\t\t\t\t\t\t\t<div class=\"wd-post-author\">\n\t\t\t\t\t\t\t\t\t\t\t<span>Megosztotta<\/span>\n\t\t\n\t\t\t\t\t<img alt='author-avatar' src='https:\/\/secure.gravatar.com\/avatar\/99efd453091a748494c79557cfaf43dc21f04460b10a151cf2a639808beff2cd?s=18&#038;d=mm&#038;r=g' srcset='https:\/\/secure.gravatar.com\/avatar\/99efd453091a748494c79557cfaf43dc21f04460b10a151cf2a639808beff2cd?s=36&#038;d=mm&#038;r=g 2x' class='avatar avatar-18 photo' height='18' width='18' decoding='async'\/>\t\t\n\t\t\t\t\t<a href=\"https:\/\/www.eautotoltokabel.hu\/author\/izuka0426\/\" class=\"author\" rel=\"author\">Iza<\/a>\n\t\t\t\t\t\t\t\t\t<\/div>\n\t\t\t\t\t<div class=\"wd-modified-date\">\n\t\t\t\t\t\t\t\t<time class=\"updated\" datetime=\"2025-03-19T09:30:22+01:00\">\n\t\t\t2025.03.19.\t\t<\/time>\n\t\t\t\t\t\t\t<\/div>\n\n\t\t\t\t\t\t\t\t\t\t\t<div tabindex=\"0\" class=\"wd-post-share wd-tltp\">\n\t\t\t\t\t\t\t<div class=\"tooltip top\">\n\t\t\t\t\t\t\t\t<div class=\"tooltip-inner\">\n\t\t\t\t\t\t\t\t\t\t\t\t<link rel=\"stylesheet\" id=\"wd-social-icons-css\" href=\"https:\/\/www.eautotoltokabel.hu\/wp-content\/themes\/woodmart\/css\/parts\/el-social-icons.min.css?ver=8.3.8\" type=\"text\/css\" media=\"all\" \/> \t\t\t\t\t\t<div\n\t\t\t\t\t\tclass=\" wd-social-icons  wd-style-default wd-size-small social-share wd-shape-circle color-scheme-light text-center\">\n\t\t\t\t\n\t\t\t\t\n\t\t\t\t\t\t\t\t\t<a rel=\"noopener noreferrer nofollow\" href=\"https:\/\/www.facebook.com\/sharer\/sharer.php?u=https:\/\/www.eautotoltokabel.hu\/bejegyzesek\/\" target=\"_blank\" class=\" wd-social-icon social-facebook\" aria-label=\"Facebook social link\">\n\t\t\t\t\t\t<span class=\"wd-icon\"><\/span>\n\t\t\t\t\t\t\t\t\t\t\t<\/a>\n\t\t\t\t\n\t\t\t\t\t\t\t\t\t<a rel=\"noopener noreferrer nofollow\" href=\"https:\/\/x.com\/share?url=https:\/\/www.eautotoltokabel.hu\/bejegyzesek\/\" target=\"_blank\" class=\" wd-social-icon social-twitter\" aria-label=\"X social link\">\n\t\t\t\t\t\t<span class=\"wd-icon\"><\/span>\n\t\t\t\t\t\t\t\t\t\t\t<\/a>\n\t\t\t\t\n\t\t\t\t\n\t\t\t\t\n\t\t\t\t\n\t\t\t\t\n\t\t\t\t\n\t\t\t\t\t\t\t\t\t<a rel=\"noopener noreferrer nofollow\" href=\"https:\/\/pinterest.com\/pin\/create\/button\/?url=https:\/\/www.eautotoltokabel.hu\/bejegyzesek\/&media=https:\/\/www.eautotoltokabel.hu\/wp-content\/uploads\/2020\/08\/audi-e-tron-sportback.jpg&description=Audi+e-tron+Sportback+55+quattro+%7C+Elektromos+Aut%C3%B3+T%C3%B6lt%C5%91k%C3%A1bel\" target=\"_blank\" class=\" wd-social-icon social-pinterest\" aria-label=\"Pinterest social link\">\n\t\t\t\t\t\t<span class=\"wd-icon\"><\/span>\n\t\t\t\t\t\t\t\t\t\t\t<\/a>\n\t\t\t\t\n\t\t\t\t\n\t\t\t\t\t\t\t\t\t<a rel=\"noopener noreferrer nofollow\" href=\"https:\/\/www.linkedin.com\/shareArticle?mini=true&url=https:\/\/www.eautotoltokabel.hu\/bejegyzesek\/\" target=\"_blank\" class=\" wd-social-icon social-linkedin\" aria-label=\"Linkedin social link\">\n\t\t\t\t\t\t<span class=\"wd-icon\"><\/span>\n\t\t\t\t\t\t\t\t\t\t\t<\/a>\n\t\t\t\t\n\t\t\t\t\n\t\t\t\t\n\t\t\t\t\n\t\t\t\t\n\t\t\t\t\n\t\t\t\t\n\t\t\t\t\n\t\t\t\t\n\t\t\t\t\n\t\t\t\t\n\t\t\t\t\n\t\t\t\t\n\t\t\t\t\n\t\t\t\t\n\t\t\t\t\t\t\t\t\t<a rel=\"noopener noreferrer nofollow\" href=\"https:\/\/telegram.me\/share\/url?url=https:\/\/www.eautotoltokabel.hu\/bejegyzesek\/\" target=\"_blank\" class=\" wd-social-icon social-tg\" aria-label=\"Telegram social link\">\n\t\t\t\t\t\t<span class=\"wd-icon\"><\/span>\n\t\t\t\t\t\t\t\t\t\t\t<\/a>\n\t\t\t\t\n\t\t\t\t\n\t\t\t<\/div>\n\n\t\t\t\t\t\t\t\t\t\t<\/div>\n\t\t\t\t\t\t\t\t<div class=\"tooltip-arrow\"><\/div>\n\t\t\t\t\t\t\t<\/div>\n\t\t\t\t\t\t<\/div>\n\t\t\t\t\t\n\t\t\t\t\t\t\t\t\t<\/div>\n\t\t\t\n\t\t\t\t\t\t\t\t\t\t\t\t<div class=\"wd-post-excerpt entry-content\">\n\t\t\t\t\t\tAudi e-tron Sportback 55 quattro\r\n&nbsp;\r\n\r\n\r\n\r\n&nbsp;\r\nAlap modell - 11kW-os fed\u00e9lzeti t\u00f6lt\u0151\r\n\r\n\r\n...\t\t\t\t\t<\/div>\n\t\t\t\t\n\t\t\t\t\t\t\t\t\t\t\t\t\t\t<div class=\"wd-post-read-more wd-style-link read-more-section\">\n\t\t\t\t\t\t<a class=\"\" href=\"https:\/\/www.eautotoltokabel.hu\/eauto\/audi-elektromos-auto\/audi-e-tron-audi-e-tron-55\/\">Folytatom az olvas\u00e1st<\/a>\t\t\t\t\t<\/div>\n\t\t\t\t\t\t\t\t\t\t\t\t\t<\/div>\n\t<\/div>\n<\/article>\n\n\t\t\t\t\t\t\t\t\t\t\t\n<article id=\"post-10418\" class=\"wd-post blog-design-masonry blog-post-loop blog-style-bg wd-add-shadow wd-col post-10418 post type-post status-publish format-standard has-post-thumbnail hentry category-audi-elektromos-auto\">\n\t<div class=\"wd-post-inner article-inner\">\n\t\t\t\t\t<div class=\"wd-post-thumb entry-header\">\n\t\t\t\t\t\t\t\t\t<div class=\"wd-post-img post-img-wrapp\">\n\t\t\t\t\t\t<img width=\"1536\" height=\"864\" src=\"https:\/\/www.eautotoltokabel.hu\/wp-content\/uploads\/2020\/08\/Audi_e-tron_Sportback_2020-01@2x.jpg\" class=\"attachment- size-\" alt=\"Audi E-Tron 50 Sportback\" decoding=\"async\" srcset=\"https:\/\/www.eautotoltokabel.hu\/wp-content\/uploads\/2020\/08\/Audi_e-tron_Sportback_2020-01@2x.jpg 1536w, https:\/\/www.eautotoltokabel.hu\/wp-content\/uploads\/2020\/08\/Audi_e-tron_Sportback_2020-01@2x-150x84.jpg 150w, https:\/\/www.eautotoltokabel.hu\/wp-content\/uploads\/2020\/08\/Audi_e-tron_Sportback_2020-01@2x-920x518.jpg 920w, https:\/\/www.eautotoltokabel.hu\/wp-content\/uploads\/2020\/08\/Audi_e-tron_Sportback_2020-01@2x-300x169.jpg 300w, https:\/\/www.eautotoltokabel.hu\/wp-content\/uploads\/2020\/08\/Audi_e-tron_Sportback_2020-01@2x-1024x576.jpg 1024w, https:\/\/www.eautotoltokabel.hu\/wp-content\/uploads\/2020\/08\/Audi_e-tron_Sportback_2020-01@2x-768x432.jpg 768w\" sizes=\"(max-width: 1536px) 100vw, 1536px\" \/>\t\t\t\t\t<\/div>\n\t\t\t\t\t\t\t\t\t\t<a class=\"wd-fill\" tabindex=\"-1\" href=\"https:\/\/www.eautotoltokabel.hu\/eauto\/audi-elektromos-auto\/audi-e-tron-50-sportback\/\" aria-label=\"Link on post Audi e-tron Sportback 50 quattro | Elektromos Aut\u00f3 T\u00f6lt\u0151k\u00e1bel\"><\/a>\n\t\t\t\t\n\t\t\t\t\t\t\t\t\t\t\t\t<div class=\"wd-post-date wd-style-with-bg\">\n\t\t\t\t<span class=\"post-date-day\">\n\t\t\t\t\t04\t\t\t\t<\/span>\n\t\t\t\t<span class=\"post-date-month\">\n\t\t\t\t\taug\t\t\t\t<\/span>\n\t\t\t<\/div>\n\t\t\t\t\t\t\t\t\t<\/div>\n\t\t\n\t\t<div class=\"wd-post-content article-body-container\">\n\t\t\t\t\t\t\t<div class=\"wd-post-cat wd-style-with-bg meta-post-categories\">\n\t\t\t\t\t<a href=\"https:\/\/www.eautotoltokabel.hu\/kategoria\/eauto\/audi-elektromos-auto\/\" rel=\"category tag\">Audi<\/a>\t\t\t\t<\/div>\n\t\t\t\n\t\t\t\t\t\t\t<h3 class=\"wd-post-title wd-entities-title title post-title\">\n\t\t\t\t\t<a href=\"https:\/\/www.eautotoltokabel.hu\/eauto\/audi-elektromos-auto\/audi-e-tron-50-sportback\/\" rel=\"bookmark\">Audi e-tron Sportback 50 quattro | Elektromos Aut\u00f3 T\u00f6lt\u0151k\u00e1bel<\/a>\n\t\t\t\t<\/h3>\n\t\t\t\n\t\t\t\t\t\t\t<div class=\"wd-post-meta\">\n\t\t\t\t\t\t\t\t\t\t\t\t\t\t\t<div class=\"wd-post-author\">\n\t\t\t\t\t\t\t\t\t\t\t<span>Megosztotta<\/span>\n\t\t\n\t\t\t\t\t<img alt='author-avatar' src='https:\/\/secure.gravatar.com\/avatar\/99efd453091a748494c79557cfaf43dc21f04460b10a151cf2a639808beff2cd?s=18&#038;d=mm&#038;r=g' srcset='https:\/\/secure.gravatar.com\/avatar\/99efd453091a748494c79557cfaf43dc21f04460b10a151cf2a639808beff2cd?s=36&#038;d=mm&#038;r=g 2x' class='avatar avatar-18 photo' height='18' width='18' decoding='async'\/>\t\t\n\t\t\t\t\t<a href=\"https:\/\/www.eautotoltokabel.hu\/author\/izuka0426\/\" class=\"author\" rel=\"author\">Iza<\/a>\n\t\t\t\t\t\t\t\t\t<\/div>\n\t\t\t\t\t<div class=\"wd-modified-date\">\n\t\t\t\t\t\t\t\t<time class=\"updated\" datetime=\"2025-03-19T09:30:16+01:00\">\n\t\t\t2025.03.19.\t\t<\/time>\n\t\t\t\t\t\t\t<\/div>\n\n\t\t\t\t\t\t\t\t\t\t\t<div tabindex=\"0\" class=\"wd-post-share wd-tltp\">\n\t\t\t\t\t\t\t<div class=\"tooltip top\">\n\t\t\t\t\t\t\t\t<div class=\"tooltip-inner\">\n\t\t\t\t\t\t\t\t\t\t\t\t<div\n\t\t\t\t\t\tclass=\" wd-social-icons  wd-style-default wd-size-small social-share wd-shape-circle color-scheme-light text-center\">\n\t\t\t\t\n\t\t\t\t\n\t\t\t\t\t\t\t\t\t<a rel=\"noopener noreferrer nofollow\" href=\"https:\/\/www.facebook.com\/sharer\/sharer.php?u=https:\/\/www.eautotoltokabel.hu\/bejegyzesek\/\" target=\"_blank\" class=\" wd-social-icon social-facebook\" aria-label=\"Facebook social link\">\n\t\t\t\t\t\t<span class=\"wd-icon\"><\/span>\n\t\t\t\t\t\t\t\t\t\t\t<\/a>\n\t\t\t\t\n\t\t\t\t\t\t\t\t\t<a rel=\"noopener noreferrer nofollow\" href=\"https:\/\/x.com\/share?url=https:\/\/www.eautotoltokabel.hu\/bejegyzesek\/\" target=\"_blank\" class=\" wd-social-icon social-twitter\" aria-label=\"X social link\">\n\t\t\t\t\t\t<span class=\"wd-icon\"><\/span>\n\t\t\t\t\t\t\t\t\t\t\t<\/a>\n\t\t\t\t\n\t\t\t\t\n\t\t\t\t\n\t\t\t\t\n\t\t\t\t\n\t\t\t\t\n\t\t\t\t\t\t\t\t\t<a rel=\"noopener noreferrer nofollow\" href=\"https:\/\/pinterest.com\/pin\/create\/button\/?url=https:\/\/www.eautotoltokabel.hu\/bejegyzesek\/&media=https:\/\/www.eautotoltokabel.hu\/wp-content\/uploads\/2020\/08\/Audi_e-tron_Sportback_2020-01@2x.jpg&description=Audi+e-tron+Sportback+50+quattro+%7C+Elektromos+Aut%C3%B3+T%C3%B6lt%C5%91k%C3%A1bel\" target=\"_blank\" class=\" wd-social-icon social-pinterest\" aria-label=\"Pinterest social link\">\n\t\t\t\t\t\t<span class=\"wd-icon\"><\/span>\n\t\t\t\t\t\t\t\t\t\t\t<\/a>\n\t\t\t\t\n\t\t\t\t\n\t\t\t\t\t\t\t\t\t<a rel=\"noopener noreferrer nofollow\" href=\"https:\/\/www.linkedin.com\/shareArticle?mini=true&url=https:\/\/www.eautotoltokabel.hu\/bejegyzesek\/\" target=\"_blank\" class=\" wd-social-icon social-linkedin\" aria-label=\"Linkedin social link\">\n\t\t\t\t\t\t<span class=\"wd-icon\"><\/span>\n\t\t\t\t\t\t\t\t\t\t\t<\/a>\n\t\t\t\t\n\t\t\t\t\n\t\t\t\t\n\t\t\t\t\n\t\t\t\t\n\t\t\t\t\n\t\t\t\t\n\t\t\t\t\n\t\t\t\t\n\t\t\t\t\n\t\t\t\t\n\t\t\t\t\n\t\t\t\t\n\t\t\t\t\n\t\t\t\t\n\t\t\t\t\t\t\t\t\t<a rel=\"noopener noreferrer nofollow\" href=\"https:\/\/telegram.me\/share\/url?url=https:\/\/www.eautotoltokabel.hu\/bejegyzesek\/\" target=\"_blank\" class=\" wd-social-icon social-tg\" aria-label=\"Telegram social link\">\n\t\t\t\t\t\t<span class=\"wd-icon\"><\/span>\n\t\t\t\t\t\t\t\t\t\t\t<\/a>\n\t\t\t\t\n\t\t\t\t\n\t\t\t<\/div>\n\n\t\t\t\t\t\t\t\t\t\t<\/div>\n\t\t\t\t\t\t\t\t<div class=\"tooltip-arrow\"><\/div>\n\t\t\t\t\t\t\t<\/div>\n\t\t\t\t\t\t<\/div>\n\t\t\t\t\t\n\t\t\t\t\t\t\t\t\t<\/div>\n\t\t\t\n\t\t\t\t\t\t\t\t\t\t\t\t<div class=\"wd-post-excerpt entry-content\">\n\t\t\t\t\t\tAudi e-tron Sportback 50 quattro\r\n\r\n&nbsp;\r\n\r\n\r\n\r\n&nbsp;\r\nAlap modell - 11kW-os fed\u00e9lzeti t\u00f6lt\u0151\r\n\r\n...\t\t\t\t\t<\/div>\n\t\t\t\t\n\t\t\t\t\t\t\t\t\t\t\t\t\t\t<div class=\"wd-post-read-more wd-style-link read-more-section\">\n\t\t\t\t\t\t<a class=\"\" href=\"https:\/\/www.eautotoltokabel.hu\/eauto\/audi-elektromos-auto\/audi-e-tron-50-sportback\/\">Folytatom az olvas\u00e1st<\/a>\t\t\t\t\t<\/div>\n\t\t\t\t\t\t\t\t\t\t\t\t\t<\/div>\n\t<\/div>\n<\/article>\n\n\t\t\t\t\t\t\t\t\t\t\t\n<article id=\"post-10314\" class=\"wd-post blog-design-masonry blog-post-loop blog-style-bg wd-add-shadow wd-col post-10314 post type-post status-publish format-standard has-post-thumbnail hentry category-mini tag-mini-cooper-se\">\n\t<div class=\"wd-post-inner article-inner\">\n\t\t\t\t\t<div class=\"wd-post-thumb entry-header\">\n\t\t\t\t\t\t\t\t\t<div class=\"wd-post-img post-img-wrapp\">\n\t\t\t\t\t\t<img width=\"1440\" height=\"655\" src=\"https:\/\/www.eautotoltokabel.hu\/wp-content\/uploads\/2019\/11\/MINI-Countryman-SE_v3.jpg\" class=\"attachment- size-\" alt=\"MINI Countryman SE\" decoding=\"async\" srcset=\"https:\/\/www.eautotoltokabel.hu\/wp-content\/uploads\/2019\/11\/MINI-Countryman-SE_v3.jpg 1440w, https:\/\/www.eautotoltokabel.hu\/wp-content\/uploads\/2019\/11\/MINI-Countryman-SE_v3-150x68.jpg 150w, https:\/\/www.eautotoltokabel.hu\/wp-content\/uploads\/2019\/11\/MINI-Countryman-SE_v3-920x418.jpg 920w, https:\/\/www.eautotoltokabel.hu\/wp-content\/uploads\/2019\/11\/MINI-Countryman-SE_v3-300x136.jpg 300w, https:\/\/www.eautotoltokabel.hu\/wp-content\/uploads\/2019\/11\/MINI-Countryman-SE_v3-1024x466.jpg 1024w, https:\/\/www.eautotoltokabel.hu\/wp-content\/uploads\/2019\/11\/MINI-Countryman-SE_v3-768x349.jpg 768w\" sizes=\"(max-width: 1440px) 100vw, 1440px\" \/>\t\t\t\t\t<\/div>\n\t\t\t\t\t\t\t\t\t\t<a class=\"wd-fill\" tabindex=\"-1\" href=\"https:\/\/www.eautotoltokabel.hu\/eauto\/mini\/mini-cooper-se\/\" aria-label=\"Link on post Mini Cooper SE | Elektromos Aut\u00f3 T\u00f6lt\u0151k\u00e1bel\"><\/a>\n\t\t\t\t\n\t\t\t\t\t\t\t\t\t\t\t\t<div class=\"wd-post-date wd-style-with-bg\">\n\t\t\t\t<span class=\"post-date-day\">\n\t\t\t\t\t15\t\t\t\t<\/span>\n\t\t\t\t<span class=\"post-date-month\">\n\t\t\t\t\tj\u00fal\t\t\t\t<\/span>\n\t\t\t<\/div>\n\t\t\t\t\t\t\t\t\t<\/div>\n\t\t\n\t\t<div class=\"wd-post-content article-body-container\">\n\t\t\t\t\t\t\t<div class=\"wd-post-cat wd-style-with-bg meta-post-categories\">\n\t\t\t\t\t<a href=\"https:\/\/www.eautotoltokabel.hu\/kategoria\/eauto\/mini\/\" rel=\"category tag\">MINI<\/a>\t\t\t\t<\/div>\n\t\t\t\n\t\t\t\t\t\t\t<h3 class=\"wd-post-title wd-entities-title title post-title\">\n\t\t\t\t\t<a href=\"https:\/\/www.eautotoltokabel.hu\/eauto\/mini\/mini-cooper-se\/\" rel=\"bookmark\">Mini Cooper SE | Elektromos Aut\u00f3 T\u00f6lt\u0151k\u00e1bel<\/a>\n\t\t\t\t<\/h3>\n\t\t\t\n\t\t\t\t\t\t\t<div class=\"wd-post-meta\">\n\t\t\t\t\t\t\t\t\t\t\t\t\t\t\t<div class=\"wd-post-author\">\n\t\t\t\t\t\t\t\t\t\t\t<span>Megosztotta<\/span>\n\t\t\n\t\t\t\t\t<img alt='author-avatar' src='https:\/\/secure.gravatar.com\/avatar\/eba7214629274d7907fa20d8dc2b46f75675145fe14842504ac7268369403491?s=18&#038;d=mm&#038;r=g' srcset='https:\/\/secure.gravatar.com\/avatar\/eba7214629274d7907fa20d8dc2b46f75675145fe14842504ac7268369403491?s=36&#038;d=mm&#038;r=g 2x' class='avatar avatar-18 photo' height='18' width='18' decoding='async'\/>\t\t\n\t\t\t\t\t<a href=\"https:\/\/www.eautotoltokabel.hu\/author\/userforrequests\/\" class=\"author\" rel=\"author\">Toth Reka<\/a>\n\t\t\t\t\t\t\t\t\t<\/div>\n\t\t\t\t\t<div class=\"wd-modified-date\">\n\t\t\t\t\t\t\t\t<time class=\"updated\" datetime=\"2025-03-19T09:30:10+01:00\">\n\t\t\t2025.03.19.\t\t<\/time>\n\t\t\t\t\t\t\t<\/div>\n\n\t\t\t\t\t\t\t\t\t\t\t<div tabindex=\"0\" class=\"wd-post-share wd-tltp\">\n\t\t\t\t\t\t\t<div class=\"tooltip top\">\n\t\t\t\t\t\t\t\t<div class=\"tooltip-inner\">\n\t\t\t\t\t\t\t\t\t\t\t\t<div\n\t\t\t\t\t\tclass=\" wd-social-icons  wd-style-default wd-size-small social-share wd-shape-circle color-scheme-light text-center\">\n\t\t\t\t\n\t\t\t\t\n\t\t\t\t\t\t\t\t\t<a rel=\"noopener noreferrer nofollow\" href=\"https:\/\/www.facebook.com\/sharer\/sharer.php?u=https:\/\/www.eautotoltokabel.hu\/bejegyzesek\/\" target=\"_blank\" class=\" wd-social-icon social-facebook\" aria-label=\"Facebook social link\">\n\t\t\t\t\t\t<span class=\"wd-icon\"><\/span>\n\t\t\t\t\t\t\t\t\t\t\t<\/a>\n\t\t\t\t\n\t\t\t\t\t\t\t\t\t<a rel=\"noopener noreferrer nofollow\" href=\"https:\/\/x.com\/share?url=https:\/\/www.eautotoltokabel.hu\/bejegyzesek\/\" target=\"_blank\" class=\" wd-social-icon social-twitter\" aria-label=\"X social link\">\n\t\t\t\t\t\t<span class=\"wd-icon\"><\/span>\n\t\t\t\t\t\t\t\t\t\t\t<\/a>\n\t\t\t\t\n\t\t\t\t\n\t\t\t\t\n\t\t\t\t\n\t\t\t\t\n\t\t\t\t\n\t\t\t\t\t\t\t\t\t<a rel=\"noopener noreferrer nofollow\" href=\"https:\/\/pinterest.com\/pin\/create\/button\/?url=https:\/\/www.eautotoltokabel.hu\/bejegyzesek\/&media=https:\/\/www.eautotoltokabel.hu\/wp-content\/uploads\/2019\/11\/MINI-Countryman-SE_v3.jpg&description=Mini+Cooper+SE+%7C+Elektromos+Aut%C3%B3+T%C3%B6lt%C5%91k%C3%A1bel\" target=\"_blank\" class=\" wd-social-icon social-pinterest\" aria-label=\"Pinterest social link\">\n\t\t\t\t\t\t<span class=\"wd-icon\"><\/span>\n\t\t\t\t\t\t\t\t\t\t\t<\/a>\n\t\t\t\t\n\t\t\t\t\n\t\t\t\t\t\t\t\t\t<a rel=\"noopener noreferrer nofollow\" href=\"https:\/\/www.linkedin.com\/shareArticle?mini=true&url=https:\/\/www.eautotoltokabel.hu\/bejegyzesek\/\" target=\"_blank\" class=\" wd-social-icon social-linkedin\" aria-label=\"Linkedin social link\">\n\t\t\t\t\t\t<span class=\"wd-icon\"><\/span>\n\t\t\t\t\t\t\t\t\t\t\t<\/a>\n\t\t\t\t\n\t\t\t\t\n\t\t\t\t\n\t\t\t\t\n\t\t\t\t\n\t\t\t\t\n\t\t\t\t\n\t\t\t\t\n\t\t\t\t\n\t\t\t\t\n\t\t\t\t\n\t\t\t\t\n\t\t\t\t\n\t\t\t\t\n\t\t\t\t\n\t\t\t\t\t\t\t\t\t<a rel=\"noopener noreferrer nofollow\" href=\"https:\/\/telegram.me\/share\/url?url=https:\/\/www.eautotoltokabel.hu\/bejegyzesek\/\" target=\"_blank\" class=\" wd-social-icon social-tg\" aria-label=\"Telegram social link\">\n\t\t\t\t\t\t<span class=\"wd-icon\"><\/span>\n\t\t\t\t\t\t\t\t\t\t\t<\/a>\n\t\t\t\t\n\t\t\t\t\n\t\t\t<\/div>\n\n\t\t\t\t\t\t\t\t\t\t<\/div>\n\t\t\t\t\t\t\t\t<div class=\"tooltip-arrow\"><\/div>\n\t\t\t\t\t\t\t<\/div>\n\t\t\t\t\t\t<\/div>\n\t\t\t\t\t\n\t\t\t\t\t\t\t\t\t<\/div>\n\t\t\t\n\t\t\t\t\t\t\t\t\t\t\t\t<div class=\"wd-post-excerpt entry-content\">\n\t\t\t\t\t\tMini Cooper SE\r\n\r\n\r\n\r\nT\u00edpus\r\n\t\t\t\t\t<\/div>\n\t\t\t\t\n\t\t\t\t\t\t\t\t\t\t\t\t\t\t<div class=\"wd-post-read-more wd-style-link read-more-section\">\n\t\t\t\t\t\t<a class=\"\" href=\"https:\/\/www.eautotoltokabel.hu\/eauto\/mini\/mini-cooper-se\/\">Folytatom az olvas\u00e1st<\/a>\t\t\t\t\t<\/div>\n\t\t\t\t\t\t\t\t\t\t\t\t\t<\/div>\n\t<\/div>\n<\/article>\n\n\t\t\t\t\t\t\t\t\t\t\t\n<article id=\"post-10275\" class=\"wd-post blog-design-masonry blog-post-loop blog-style-bg wd-add-shadow wd-col post-10275 post type-post status-publish format-standard has-post-thumbnail hentry category-egyeb-informaciok category-elektromos-auto-informaciok\">\n\t<div class=\"wd-post-inner article-inner\">\n\t\t\t\t\t<div class=\"wd-post-thumb entry-header\">\n\t\t\t\t\t\t\t\t\t<div class=\"wd-post-img post-img-wrapp\">\n\t\t\t\t\t\t<img width=\"960\" height=\"540\" src=\"https:\/\/www.eautotoltokabel.hu\/wp-content\/uploads\/2020\/07\/autogumi-ecar.jpg\" class=\"attachment- size-\" alt=\"autogumi ecar\" decoding=\"async\" srcset=\"https:\/\/www.eautotoltokabel.hu\/wp-content\/uploads\/2020\/07\/autogumi-ecar.jpg 960w, https:\/\/www.eautotoltokabel.hu\/wp-content\/uploads\/2020\/07\/autogumi-ecar-150x84.jpg 150w, https:\/\/www.eautotoltokabel.hu\/wp-content\/uploads\/2020\/07\/autogumi-ecar-920x518.jpg 920w, https:\/\/www.eautotoltokabel.hu\/wp-content\/uploads\/2020\/07\/autogumi-ecar-300x169.jpg 300w, https:\/\/www.eautotoltokabel.hu\/wp-content\/uploads\/2020\/07\/autogumi-ecar-768x432.jpg 768w\" sizes=\"(max-width: 960px) 100vw, 960px\" \/>\t\t\t\t\t<\/div>\n\t\t\t\t\t\t\t\t\t\t<a class=\"wd-fill\" tabindex=\"-1\" href=\"https:\/\/www.eautotoltokabel.hu\/elektromos-auto-informaciok\/milyen-gumiabroncsokkal-vannak-felszerelve-az-elektromos-autok\/\" aria-label=\"Link on post Milyen gumiabroncsokkal vannak felszerelve az elektromos aut\u00f3k?\"><\/a>\n\t\t\t\t\n\t\t\t\t\t\t\t\t\t\t\t\t<div class=\"wd-post-date wd-style-with-bg\">\n\t\t\t\t<span class=\"post-date-day\">\n\t\t\t\t\t06\t\t\t\t<\/span>\n\t\t\t\t<span class=\"post-date-month\">\n\t\t\t\t\tj\u00fal\t\t\t\t<\/span>\n\t\t\t<\/div>\n\t\t\t\t\t\t\t\t\t<\/div>\n\t\t\n\t\t<div class=\"wd-post-content article-body-container\">\n\t\t\t\t\t\t\t<div class=\"wd-post-cat wd-style-with-bg meta-post-categories\">\n\t\t\t\t\t<a href=\"https:\/\/www.eautotoltokabel.hu\/kategoria\/elektromos-auto-informaciok\/egyeb-informaciok\/\" rel=\"category tag\">Egy\u00e9b inform\u00e1ci\u00f3k<\/a>, <a href=\"https:\/\/www.eautotoltokabel.hu\/kategoria\/elektromos-auto-informaciok\/\" rel=\"category tag\">Elektromos aut\u00f3 inform\u00e1ci\u00f3k<\/a>\t\t\t\t<\/div>\n\t\t\t\n\t\t\t\t\t\t\t<h3 class=\"wd-post-title wd-entities-title title post-title\">\n\t\t\t\t\t<a href=\"https:\/\/www.eautotoltokabel.hu\/elektromos-auto-informaciok\/milyen-gumiabroncsokkal-vannak-felszerelve-az-elektromos-autok\/\" rel=\"bookmark\">Milyen gumiabroncsokkal vannak felszerelve az elektromos aut\u00f3k?<\/a>\n\t\t\t\t<\/h3>\n\t\t\t\n\t\t\t\t\t\t\t<div class=\"wd-post-meta\">\n\t\t\t\t\t\t\t\t\t\t\t\t\t\t\t<div class=\"wd-post-author\">\n\t\t\t\t\t\t\t\t\t\t\t<span>Megosztotta<\/span>\n\t\t\n\t\t\t\t\t<img alt='author-avatar' src='https:\/\/secure.gravatar.com\/avatar\/9acfde3a51ed18ebd7ec7a465f5e98975865096c6a6cbb5f7036f891f0c92eae?s=18&#038;d=mm&#038;r=g' srcset='https:\/\/secure.gravatar.com\/avatar\/9acfde3a51ed18ebd7ec7a465f5e98975865096c6a6cbb5f7036f891f0c92eae?s=36&#038;d=mm&#038;r=g 2x' class='avatar avatar-18 photo' height='18' width='18' decoding='async'\/>\t\t\n\t\t\t\t\t<a href=\"https:\/\/www.eautotoltokabel.hu\/author\/bgabor\/\" class=\"author\" rel=\"author\">Eaut\u00f3t\u00f6lt\u0151k\u00e1bel.hu<\/a>\n\t\t\t\t\t\t\t\t\t<\/div>\n\t\t\t\t\t<div class=\"wd-modified-date\">\n\t\t\t\t\t\t\t\t<time class=\"updated\" datetime=\"2025-09-23T15:04:22+02:00\">\n\t\t\t2025.09.23.\t\t<\/time>\n\t\t\t\t\t\t\t<\/div>\n\n\t\t\t\t\t\t\t\t\t\t\t<div tabindex=\"0\" class=\"wd-post-share wd-tltp\">\n\t\t\t\t\t\t\t<div class=\"tooltip top\">\n\t\t\t\t\t\t\t\t<div class=\"tooltip-inner\">\n\t\t\t\t\t\t\t\t\t\t\t\t<div\n\t\t\t\t\t\tclass=\" wd-social-icons  wd-style-default wd-size-small social-share wd-shape-circle color-scheme-light text-center\">\n\t\t\t\t\n\t\t\t\t\n\t\t\t\t\t\t\t\t\t<a rel=\"noopener noreferrer nofollow\" href=\"https:\/\/www.facebook.com\/sharer\/sharer.php?u=https:\/\/www.eautotoltokabel.hu\/bejegyzesek\/\" target=\"_blank\" class=\" wd-social-icon social-facebook\" aria-label=\"Facebook social link\">\n\t\t\t\t\t\t<span class=\"wd-icon\"><\/span>\n\t\t\t\t\t\t\t\t\t\t\t<\/a>\n\t\t\t\t\n\t\t\t\t\t\t\t\t\t<a rel=\"noopener noreferrer nofollow\" href=\"https:\/\/x.com\/share?url=https:\/\/www.eautotoltokabel.hu\/bejegyzesek\/\" target=\"_blank\" class=\" wd-social-icon social-twitter\" aria-label=\"X social link\">\n\t\t\t\t\t\t<span class=\"wd-icon\"><\/span>\n\t\t\t\t\t\t\t\t\t\t\t<\/a>\n\t\t\t\t\n\t\t\t\t\n\t\t\t\t\n\t\t\t\t\n\t\t\t\t\n\t\t\t\t\n\t\t\t\t\t\t\t\t\t<a rel=\"noopener noreferrer nofollow\" href=\"https:\/\/pinterest.com\/pin\/create\/button\/?url=https:\/\/www.eautotoltokabel.hu\/bejegyzesek\/&media=https:\/\/www.eautotoltokabel.hu\/wp-content\/uploads\/2020\/07\/autogumi-ecar.jpg&description=Milyen+gumiabroncsokkal+vannak+felszerelve+az+elektromos+aut%C3%B3k%3F\" target=\"_blank\" class=\" wd-social-icon social-pinterest\" aria-label=\"Pinterest social link\">\n\t\t\t\t\t\t<span class=\"wd-icon\"><\/span>\n\t\t\t\t\t\t\t\t\t\t\t<\/a>\n\t\t\t\t\n\t\t\t\t\n\t\t\t\t\t\t\t\t\t<a rel=\"noopener noreferrer nofollow\" href=\"https:\/\/www.linkedin.com\/shareArticle?mini=true&url=https:\/\/www.eautotoltokabel.hu\/bejegyzesek\/\" target=\"_blank\" class=\" wd-social-icon social-linkedin\" aria-label=\"Linkedin social link\">\n\t\t\t\t\t\t<span class=\"wd-icon\"><\/span>\n\t\t\t\t\t\t\t\t\t\t\t<\/a>\n\t\t\t\t\n\t\t\t\t\n\t\t\t\t\n\t\t\t\t\n\t\t\t\t\n\t\t\t\t\n\t\t\t\t\n\t\t\t\t\n\t\t\t\t\n\t\t\t\t\n\t\t\t\t\n\t\t\t\t\n\t\t\t\t\n\t\t\t\t\n\t\t\t\t\n\t\t\t\t\t\t\t\t\t<a rel=\"noopener noreferrer nofollow\" href=\"https:\/\/telegram.me\/share\/url?url=https:\/\/www.eautotoltokabel.hu\/bejegyzesek\/\" target=\"_blank\" class=\" wd-social-icon social-tg\" aria-label=\"Telegram social link\">\n\t\t\t\t\t\t<span class=\"wd-icon\"><\/span>\n\t\t\t\t\t\t\t\t\t\t\t<\/a>\n\t\t\t\t\n\t\t\t\t\n\t\t\t<\/div>\n\n\t\t\t\t\t\t\t\t\t\t<\/div>\n\t\t\t\t\t\t\t\t<div class=\"tooltip-arrow\"><\/div>\n\t\t\t\t\t\t\t<\/div>\n\t\t\t\t\t\t<\/div>\n\t\t\t\t\t\n\t\t\t\t\t\t\t\t\t\t\t\t\t\t<link rel=\"stylesheet\" id=\"wd-blog-mod-comments-button-css\" href=\"https:\/\/www.eautotoltokabel.hu\/wp-content\/themes\/woodmart\/css\/parts\/blog-mod-comments-button.min.css?ver=8.3.8\" type=\"text\/css\" media=\"all\" \/> \t\t\t\t\t\t\t\t\t<div class=\"wd-post-reply wd-style-1\">\n\t\t\t\t\t\t\t<a href=\"https:\/\/www.eautotoltokabel.hu\/elektromos-auto-informaciok\/milyen-gumiabroncsokkal-vannak-felszerelve-az-elektromos-autok\/#respond\"><span class=\"wd-replies-count\">0<\/span><\/a>\t\t\t\t\t\t<\/div>\n\t\t\t\t\t\t\t\t\t<\/div>\n\t\t\t\n\t\t\t\t\t\t\t\t\t\t\t\t<div class=\"wd-post-excerpt entry-content\">\n\t\t\t\t\t\t&nbsp;\r\n\r\n\r\n\r\nAz elektromos aut\u00f3k nagym\u00e9rt\u00e9kben k\u00fcl\u00f6nb\u00f6znek a bels\u0151 \u00e9g\u00e9s\u0171 motorokkal rendelkez\u0151 j\u00e1rm\u0171vekt\u0151l. Pont ez\u00e9rt t\u00f6bbf...\t\t\t\t\t<\/div>\n\t\t\t\t\n\t\t\t\t\t\t\t\t\t\t\t\t\t\t<div class=\"wd-post-read-more wd-style-link read-more-section\">\n\t\t\t\t\t\t<a class=\"\" href=\"https:\/\/www.eautotoltokabel.hu\/elektromos-auto-informaciok\/milyen-gumiabroncsokkal-vannak-felszerelve-az-elektromos-autok\/\">Folytatom az olvas\u00e1st<\/a>\t\t\t\t\t<\/div>\n\t\t\t\t\t\t\t\t\t\t\t\t\t<\/div>\n\t<\/div>\n<\/article>\n\n\t\t\t\t\t\t\t\t\t\t\t\n<article id=\"post-9046\" class=\"wd-post blog-design-masonry blog-post-loop blog-style-bg wd-add-shadow wd-col post-9046 post type-post status-publish format-standard has-post-thumbnail hentry category-peugeot tag-peugeot-e-2008\">\n\t<div class=\"wd-post-inner article-inner\">\n\t\t\t\t\t<div class=\"wd-post-thumb entry-header\">\n\t\t\t\t\t\t\t\t\t<div class=\"wd-post-img post-img-wrapp\">\n\t\t\t\t\t\t<img width=\"1280\" height=\"512\" src=\"https:\/\/www.eautotoltokabel.hu\/wp-content\/uploads\/2020\/03\/header-1-peugeot-2008-1906pc-115.649716.18-2.jpg\" class=\"attachment- size-\" alt=\"peugeot e-2008\" decoding=\"async\" srcset=\"https:\/\/www.eautotoltokabel.hu\/wp-content\/uploads\/2020\/03\/header-1-peugeot-2008-1906pc-115.649716.18-2.jpg 1280w, https:\/\/www.eautotoltokabel.hu\/wp-content\/uploads\/2020\/03\/header-1-peugeot-2008-1906pc-115.649716.18-2-150x60.jpg 150w, https:\/\/www.eautotoltokabel.hu\/wp-content\/uploads\/2020\/03\/header-1-peugeot-2008-1906pc-115.649716.18-2-920x368.jpg 920w, https:\/\/www.eautotoltokabel.hu\/wp-content\/uploads\/2020\/03\/header-1-peugeot-2008-1906pc-115.649716.18-2-300x120.jpg 300w, https:\/\/www.eautotoltokabel.hu\/wp-content\/uploads\/2020\/03\/header-1-peugeot-2008-1906pc-115.649716.18-2-1024x410.jpg 1024w, https:\/\/www.eautotoltokabel.hu\/wp-content\/uploads\/2020\/03\/header-1-peugeot-2008-1906pc-115.649716.18-2-768x307.jpg 768w\" sizes=\"(max-width: 1280px) 100vw, 1280px\" \/>\t\t\t\t\t<\/div>\n\t\t\t\t\t\t\t\t\t\t<a class=\"wd-fill\" tabindex=\"-1\" href=\"https:\/\/www.eautotoltokabel.hu\/eauto\/peugeot\/peugeot-e-2008\/\" aria-label=\"Link on post Peugeot e-2008 | Elektromos Aut\u00f3 T\u00f6lt\u0151k\u00e1bel\"><\/a>\n\t\t\t\t\n\t\t\t\t\t\t\t\t\t\t\t\t<div class=\"wd-post-date wd-style-with-bg\">\n\t\t\t\t<span class=\"post-date-day\">\n\t\t\t\t\t22\t\t\t\t<\/span>\n\t\t\t\t<span class=\"post-date-month\">\n\t\t\t\t\tm\u00e1rc\t\t\t\t<\/span>\n\t\t\t<\/div>\n\t\t\t\t\t\t\t\t\t<\/div>\n\t\t\n\t\t<div class=\"wd-post-content article-body-container\">\n\t\t\t\t\t\t\t<div class=\"wd-post-cat wd-style-with-bg meta-post-categories\">\n\t\t\t\t\t<a href=\"https:\/\/www.eautotoltokabel.hu\/kategoria\/eauto\/peugeot\/\" rel=\"category tag\">Peugeot<\/a>\t\t\t\t<\/div>\n\t\t\t\n\t\t\t\t\t\t\t<h3 class=\"wd-post-title wd-entities-title title post-title\">\n\t\t\t\t\t<a href=\"https:\/\/www.eautotoltokabel.hu\/eauto\/peugeot\/peugeot-e-2008\/\" rel=\"bookmark\">Peugeot e-2008 | Elektromos Aut\u00f3 T\u00f6lt\u0151k\u00e1bel<\/a>\n\t\t\t\t<\/h3>\n\t\t\t\n\t\t\t\t\t\t\t<div class=\"wd-post-meta\">\n\t\t\t\t\t\t\t\t\t\t\t\t\t\t\t<div class=\"wd-post-author\">\n\t\t\t\t\t\t\t\t\t\t\t<span>Megosztotta<\/span>\n\t\t\n\t\t\t\t\t<img alt='author-avatar' src='https:\/\/secure.gravatar.com\/avatar\/b83f99fb04457763272734e0f17c13861ebaf01d2f3b98439057c68cca53801c?s=18&#038;d=mm&#038;r=g' srcset='https:\/\/secure.gravatar.com\/avatar\/b83f99fb04457763272734e0f17c13861ebaf01d2f3b98439057c68cca53801c?s=36&#038;d=mm&#038;r=g 2x' class='avatar avatar-18 photo' height='18' width='18' decoding='async'\/>\t\t\n\t\t\t\t\t<a href=\"https:\/\/www.eautotoltokabel.hu\/author\/tcsgtoti\/\" class=\"author\" rel=\"author\">Csaba T\u00f3th<\/a>\n\t\t\t\t\t\t\t\t\t<\/div>\n\t\t\t\t\t<div class=\"wd-modified-date\">\n\t\t\t\t\t\t\t\t<time class=\"updated\" datetime=\"2025-03-19T09:30:04+01:00\">\n\t\t\t2025.03.19.\t\t<\/time>\n\t\t\t\t\t\t\t<\/div>\n\n\t\t\t\t\t\t\t\t\t\t\t<div tabindex=\"0\" class=\"wd-post-share wd-tltp\">\n\t\t\t\t\t\t\t<div class=\"tooltip top\">\n\t\t\t\t\t\t\t\t<div class=\"tooltip-inner\">\n\t\t\t\t\t\t\t\t\t\t\t\t<div\n\t\t\t\t\t\tclass=\" wd-social-icons  wd-style-default wd-size-small social-share wd-shape-circle color-scheme-light text-center\">\n\t\t\t\t\n\t\t\t\t\n\t\t\t\t\t\t\t\t\t<a rel=\"noopener noreferrer nofollow\" href=\"https:\/\/www.facebook.com\/sharer\/sharer.php?u=https:\/\/www.eautotoltokabel.hu\/bejegyzesek\/\" target=\"_blank\" class=\" wd-social-icon social-facebook\" aria-label=\"Facebook social link\">\n\t\t\t\t\t\t<span class=\"wd-icon\"><\/span>\n\t\t\t\t\t\t\t\t\t\t\t<\/a>\n\t\t\t\t\n\t\t\t\t\t\t\t\t\t<a rel=\"noopener noreferrer nofollow\" href=\"https:\/\/x.com\/share?url=https:\/\/www.eautotoltokabel.hu\/bejegyzesek\/\" target=\"_blank\" class=\" wd-social-icon social-twitter\" aria-label=\"X social link\">\n\t\t\t\t\t\t<span class=\"wd-icon\"><\/span>\n\t\t\t\t\t\t\t\t\t\t\t<\/a>\n\t\t\t\t\n\t\t\t\t\n\t\t\t\t\n\t\t\t\t\n\t\t\t\t\n\t\t\t\t\n\t\t\t\t\t\t\t\t\t<a rel=\"noopener noreferrer nofollow\" href=\"https:\/\/pinterest.com\/pin\/create\/button\/?url=https:\/\/www.eautotoltokabel.hu\/bejegyzesek\/&media=https:\/\/www.eautotoltokabel.hu\/wp-content\/uploads\/2020\/03\/header-1-peugeot-2008-1906pc-115.649716.18-2.jpg&description=Peugeot+e-2008+%7C+Elektromos+Aut%C3%B3+T%C3%B6lt%C5%91k%C3%A1bel\" target=\"_blank\" class=\" wd-social-icon social-pinterest\" aria-label=\"Pinterest social link\">\n\t\t\t\t\t\t<span class=\"wd-icon\"><\/span>\n\t\t\t\t\t\t\t\t\t\t\t<\/a>\n\t\t\t\t\n\t\t\t\t\n\t\t\t\t\t\t\t\t\t<a rel=\"noopener noreferrer nofollow\" href=\"https:\/\/www.linkedin.com\/shareArticle?mini=true&url=https:\/\/www.eautotoltokabel.hu\/bejegyzesek\/\" target=\"_blank\" class=\" wd-social-icon social-linkedin\" aria-label=\"Linkedin social link\">\n\t\t\t\t\t\t<span class=\"wd-icon\"><\/span>\n\t\t\t\t\t\t\t\t\t\t\t<\/a>\n\t\t\t\t\n\t\t\t\t\n\t\t\t\t\n\t\t\t\t\n\t\t\t\t\n\t\t\t\t\n\t\t\t\t\n\t\t\t\t\n\t\t\t\t\n\t\t\t\t\n\t\t\t\t\n\t\t\t\t\n\t\t\t\t\n\t\t\t\t\n\t\t\t\t\n\t\t\t\t\t\t\t\t\t<a rel=\"noopener noreferrer nofollow\" href=\"https:\/\/telegram.me\/share\/url?url=https:\/\/www.eautotoltokabel.hu\/bejegyzesek\/\" target=\"_blank\" class=\" wd-social-icon social-tg\" aria-label=\"Telegram social link\">\n\t\t\t\t\t\t<span class=\"wd-icon\"><\/span>\n\t\t\t\t\t\t\t\t\t\t\t<\/a>\n\t\t\t\t\n\t\t\t\t\n\t\t\t<\/div>\n\n\t\t\t\t\t\t\t\t\t\t<\/div>\n\t\t\t\t\t\t\t\t<div class=\"tooltip-arrow\"><\/div>\n\t\t\t\t\t\t\t<\/div>\n\t\t\t\t\t\t<\/div>\n\t\t\t\t\t\n\t\t\t\t\t\t\t\t\t<\/div>\n\t\t\t\n\t\t\t\t\t\t\t\t\t\t\t\t<div class=\"wd-post-excerpt entry-content\">\n\t\t\t\t\t\tPeugeot e-2008 SUV\r\n\r\n&nbsp;\r\n\r\n\r\n\r\n&nbsp;\r\nAlap modell - 7,4kW-os fed\u00e9lzeti t\u00f6lt\u0151\r\n\r\n\r\n\r\n\r\n\r\n\t\t\t\t\t<\/div>\n\t\t\t\t\n\t\t\t\t\t\t\t\t\t\t\t\t\t\t<div class=\"wd-post-read-more wd-style-link read-more-section\">\n\t\t\t\t\t\t<a class=\"\" href=\"https:\/\/www.eautotoltokabel.hu\/eauto\/peugeot\/peugeot-e-2008\/\">Folytatom az olvas\u00e1st<\/a>\t\t\t\t\t<\/div>\n\t\t\t\t\t\t\t\t\t\t\t\t\t<\/div>\n\t<\/div>\n<\/article>\n\n\t\t\t\t\t\n\t\t\t\t\t","status":"have-posts","nextPage":"https:\/\/www.eautotoltokabel.hu\/bejegyzesek\/page\/82\/?woo_ajax=1","currentPage":"https:\/\/www.eautotoltokabel.hu\/bejegyzesek\/page\/81"}