
			
				

					
				

			
		{"items":"\n\t\t\t\t\t\t\t\t\t\t\t\t\t\t<link rel=\"stylesheet\" id=\"wd-post-types-mod-categories-style-bg-css\" href=\"https:\/\/www.eautotoltokabel.hu\/wp-content\/themes\/woodmart\/css\/parts\/post-types-mod-categories-style-bg.min.css?ver=8.3.8\" type=\"text\/css\" media=\"all\" \/> \t\t\t\n<article id=\"post-10467\" class=\"wd-post blog-design-masonry blog-post-loop blog-style-bg wd-add-shadow wd-col post-10467 post type-post status-publish format-standard has-post-thumbnail hentry category-fiat tag-fiat-500e\">\n\t<div class=\"wd-post-inner article-inner\">\n\t\t\t\t\t<div class=\"wd-post-thumb entry-header\">\n\t\t\t\t\t\t\t\t\t<div class=\"wd-post-img post-img-wrapp\">\n\t\t\t\t\t\t<img width=\"1500\" height=\"750\" src=\"https:\/\/www.eautotoltokabel.hu\/wp-content\/uploads\/2020\/08\/fiat-500e-usa-elektroauto-electric-car-03-min.png\" class=\"attachment- size-\" alt=\"\" decoding=\"async\" fetchpriority=\"high\" srcset=\"https:\/\/www.eautotoltokabel.hu\/wp-content\/uploads\/2020\/08\/fiat-500e-usa-elektroauto-electric-car-03-min.png 1500w, https:\/\/www.eautotoltokabel.hu\/wp-content\/uploads\/2020\/08\/fiat-500e-usa-elektroauto-electric-car-03-min-150x75.png 150w, https:\/\/www.eautotoltokabel.hu\/wp-content\/uploads\/2020\/08\/fiat-500e-usa-elektroauto-electric-car-03-min-920x460.png 920w, https:\/\/www.eautotoltokabel.hu\/wp-content\/uploads\/2020\/08\/fiat-500e-usa-elektroauto-electric-car-03-min-300x150.png 300w, https:\/\/www.eautotoltokabel.hu\/wp-content\/uploads\/2020\/08\/fiat-500e-usa-elektroauto-electric-car-03-min-1024x512.png 1024w, https:\/\/www.eautotoltokabel.hu\/wp-content\/uploads\/2020\/08\/fiat-500e-usa-elektroauto-electric-car-03-min-768x384.png 768w\" sizes=\"(max-width: 1500px) 100vw, 1500px\" \/>\t\t\t\t\t<\/div>\n\t\t\t\t\t\t\t\t\t\t<a class=\"wd-fill\" tabindex=\"-1\" href=\"https:\/\/www.eautotoltokabel.hu\/eauto\/fiat\/fiat-500e-usa-elektromos-auto-toltokabel\/\" aria-label=\"Link on post Fiat 500e USA | Elektromos Aut\u00f3 T\u00f6lt\u0151k\u00e1bel\"><\/a>\n\t\t\t\t\n\t\t\t\t\t\t\t\t\t\t\t\t<link rel=\"stylesheet\" id=\"wd-post-types-mod-date-style-bg-css\" href=\"https:\/\/www.eautotoltokabel.hu\/wp-content\/themes\/woodmart\/css\/parts\/post-types-mod-date-style-bg.min.css?ver=8.3.8\" type=\"text\/css\" media=\"all\" \/> \t\t\t\t\t\t<div class=\"wd-post-date wd-style-with-bg\">\n\t\t\t\t<span class=\"post-date-day\">\n\t\t\t\t\t04\t\t\t\t<\/span>\n\t\t\t\t<span class=\"post-date-month\">\n\t\t\t\t\taug\t\t\t\t<\/span>\n\t\t\t<\/div>\n\t\t\t\t\t\t\t\t\t<\/div>\n\t\t\n\t\t<div class=\"wd-post-content article-body-container\">\n\t\t\t\t\t\t\t<div class=\"wd-post-cat wd-style-with-bg meta-post-categories\">\n\t\t\t\t\t<a href=\"https:\/\/www.eautotoltokabel.hu\/kategoria\/eauto\/fiat\/\" rel=\"category tag\">Fiat<\/a>\t\t\t\t<\/div>\n\t\t\t\n\t\t\t\t\t\t\t<h3 class=\"wd-post-title wd-entities-title title post-title\">\n\t\t\t\t\t<a href=\"https:\/\/www.eautotoltokabel.hu\/eauto\/fiat\/fiat-500e-usa-elektromos-auto-toltokabel\/\" rel=\"bookmark\">Fiat 500e USA | Elektromos Aut\u00f3 T\u00f6lt\u0151k\u00e1bel<\/a>\n\t\t\t\t<\/h3>\n\t\t\t\n\t\t\t\t\t\t\t<div class=\"wd-post-meta\">\n\t\t\t\t\t\t\t\t\t\t\t\t\t<link rel=\"stylesheet\" id=\"wd-blog-mod-author-css\" href=\"https:\/\/www.eautotoltokabel.hu\/wp-content\/themes\/woodmart\/css\/parts\/blog-mod-author.min.css?ver=8.3.8\" type=\"text\/css\" media=\"all\" \/> \t\t\t\t\t\t\t\t<div class=\"wd-post-author\">\n\t\t\t\t\t\t\t\t\t\t\t<span>Megosztotta<\/span>\n\t\t\n\t\t\t\t\t<img alt='author-avatar' src='https:\/\/secure.gravatar.com\/avatar\/99efd453091a748494c79557cfaf43dc21f04460b10a151cf2a639808beff2cd?s=18&#038;d=mm&#038;r=g' srcset='https:\/\/secure.gravatar.com\/avatar\/99efd453091a748494c79557cfaf43dc21f04460b10a151cf2a639808beff2cd?s=36&#038;d=mm&#038;r=g 2x' class='avatar avatar-18 photo' height='18' width='18' decoding='async'\/>\t\t\n\t\t\t\t\t<a href=\"https:\/\/www.eautotoltokabel.hu\/author\/izuka0426\/\" class=\"author\" rel=\"author\">Iza<\/a>\n\t\t\t\t\t\t\t\t\t<\/div>\n\t\t\t\t\t<div class=\"wd-modified-date\">\n\t\t\t\t\t\t\t\t<time class=\"updated\" datetime=\"2025-03-19T09:30:42+01:00\">\n\t\t\t2025.03.19.\t\t<\/time>\n\t\t\t\t\t\t\t<\/div>\n\n\t\t\t\t\t\t\t\t\t\t\t<div tabindex=\"0\" class=\"wd-post-share wd-tltp\">\n\t\t\t\t\t\t\t<div class=\"tooltip top\">\n\t\t\t\t\t\t\t\t<div class=\"tooltip-inner\">\n\t\t\t\t\t\t\t\t\t\t\t\t<link rel=\"stylesheet\" id=\"wd-social-icons-css\" href=\"https:\/\/www.eautotoltokabel.hu\/wp-content\/themes\/woodmart\/css\/parts\/el-social-icons.min.css?ver=8.3.8\" type=\"text\/css\" media=\"all\" \/> \t\t\t\t\t\t<div\n\t\t\t\t\t\tclass=\" wd-social-icons  wd-style-default wd-size-small social-share wd-shape-circle color-scheme-light text-center\">\n\t\t\t\t\n\t\t\t\t\n\t\t\t\t\t\t\t\t\t<a rel=\"noopener noreferrer nofollow\" href=\"https:\/\/www.facebook.com\/sharer\/sharer.php?u=https:\/\/www.eautotoltokabel.hu\/bejegyzesek\/\" target=\"_blank\" class=\" wd-social-icon social-facebook\" aria-label=\"Facebook social link\">\n\t\t\t\t\t\t<span class=\"wd-icon\"><\/span>\n\t\t\t\t\t\t\t\t\t\t\t<\/a>\n\t\t\t\t\n\t\t\t\t\t\t\t\t\t<a rel=\"noopener noreferrer nofollow\" href=\"https:\/\/x.com\/share?url=https:\/\/www.eautotoltokabel.hu\/bejegyzesek\/\" target=\"_blank\" class=\" wd-social-icon social-twitter\" aria-label=\"X social link\">\n\t\t\t\t\t\t<span class=\"wd-icon\"><\/span>\n\t\t\t\t\t\t\t\t\t\t\t<\/a>\n\t\t\t\t\n\t\t\t\t\n\t\t\t\t\n\t\t\t\t\n\t\t\t\t\n\t\t\t\t\n\t\t\t\t\t\t\t\t\t<a rel=\"noopener noreferrer nofollow\" href=\"https:\/\/pinterest.com\/pin\/create\/button\/?url=https:\/\/www.eautotoltokabel.hu\/bejegyzesek\/&media=https:\/\/www.eautotoltokabel.hu\/wp-content\/uploads\/2020\/08\/fiat-500e-usa-elektroauto-electric-car-03-min.png&description=Fiat+500e+USA+%7C+Elektromos+Aut%C3%B3+T%C3%B6lt%C5%91k%C3%A1bel\" target=\"_blank\" class=\" wd-social-icon social-pinterest\" aria-label=\"Pinterest social link\">\n\t\t\t\t\t\t<span class=\"wd-icon\"><\/span>\n\t\t\t\t\t\t\t\t\t\t\t<\/a>\n\t\t\t\t\n\t\t\t\t\n\t\t\t\t\t\t\t\t\t<a rel=\"noopener noreferrer nofollow\" href=\"https:\/\/www.linkedin.com\/shareArticle?mini=true&url=https:\/\/www.eautotoltokabel.hu\/bejegyzesek\/\" target=\"_blank\" class=\" wd-social-icon social-linkedin\" aria-label=\"Linkedin social link\">\n\t\t\t\t\t\t<span class=\"wd-icon\"><\/span>\n\t\t\t\t\t\t\t\t\t\t\t<\/a>\n\t\t\t\t\n\t\t\t\t\n\t\t\t\t\n\t\t\t\t\n\t\t\t\t\n\t\t\t\t\n\t\t\t\t\n\t\t\t\t\n\t\t\t\t\n\t\t\t\t\n\t\t\t\t\n\t\t\t\t\n\t\t\t\t\n\t\t\t\t\n\t\t\t\t\n\t\t\t\t\t\t\t\t\t<a rel=\"noopener noreferrer nofollow\" href=\"https:\/\/telegram.me\/share\/url?url=https:\/\/www.eautotoltokabel.hu\/bejegyzesek\/\" target=\"_blank\" class=\" wd-social-icon social-tg\" aria-label=\"Telegram social link\">\n\t\t\t\t\t\t<span class=\"wd-icon\"><\/span>\n\t\t\t\t\t\t\t\t\t\t\t<\/a>\n\t\t\t\t\n\t\t\t\t\n\t\t\t<\/div>\n\n\t\t\t\t\t\t\t\t\t\t<\/div>\n\t\t\t\t\t\t\t\t<div class=\"tooltip-arrow\"><\/div>\n\t\t\t\t\t\t\t<\/div>\n\t\t\t\t\t\t<\/div>\n\t\t\t\t\t\n\t\t\t\t\t\t\t\t\t<\/div>\n\t\t\t\n\t\t\t\t\t\t\t\t\t\t\t\t<div class=\"wd-post-excerpt entry-content\">\n\t\t\t\t\t\tFiat 500e USA\r\n\r\n\r\n\r\nT\u00edpus\r\n\t\t\t\t\t<\/div>\n\t\t\t\t\n\t\t\t\t\t\t\t\t\t\t\t\t\t\t<div class=\"wd-post-read-more wd-style-link read-more-section\">\n\t\t\t\t\t\t<a class=\"\" href=\"https:\/\/www.eautotoltokabel.hu\/eauto\/fiat\/fiat-500e-usa-elektromos-auto-toltokabel\/\">Folytatom az olvas\u00e1st<\/a>\t\t\t\t\t<\/div>\n\t\t\t\t\t\t\t\t\t\t\t\t\t<\/div>\n\t<\/div>\n<\/article>\n\n\t\t\t\t\t\t\t\t\t\t\t\n<article id=\"post-10453\" class=\"wd-post blog-design-masonry blog-post-loop blog-style-bg wd-add-shadow wd-col post-10453 post type-post status-publish format-standard has-post-thumbnail hentry category-bmw tag-bmw-x5 tag-bmw-x5-xdrive40e\">\n\t<div class=\"wd-post-inner article-inner\">\n\t\t\t\t\t<div class=\"wd-post-thumb entry-header\">\n\t\t\t\t\t\t\t\t\t<div class=\"wd-post-img post-img-wrapp\">\n\t\t\t\t\t\t<img width=\"1920\" height=\"1080\" src=\"https:\/\/www.eautotoltokabel.hu\/wp-content\/uploads\/2020\/08\/bmw-x1-und-x2-xdrive25e.jpg\" class=\"attachment- size-\" alt=\"\" decoding=\"async\" srcset=\"https:\/\/www.eautotoltokabel.hu\/wp-content\/uploads\/2020\/08\/bmw-x1-und-x2-xdrive25e.jpg 1920w, https:\/\/www.eautotoltokabel.hu\/wp-content\/uploads\/2020\/08\/bmw-x1-und-x2-xdrive25e-150x84.jpg 150w, https:\/\/www.eautotoltokabel.hu\/wp-content\/uploads\/2020\/08\/bmw-x1-und-x2-xdrive25e-920x518.jpg 920w, https:\/\/www.eautotoltokabel.hu\/wp-content\/uploads\/2020\/08\/bmw-x1-und-x2-xdrive25e-300x169.jpg 300w, https:\/\/www.eautotoltokabel.hu\/wp-content\/uploads\/2020\/08\/bmw-x1-und-x2-xdrive25e-1024x576.jpg 1024w, https:\/\/www.eautotoltokabel.hu\/wp-content\/uploads\/2020\/08\/bmw-x1-und-x2-xdrive25e-768x432.jpg 768w, https:\/\/www.eautotoltokabel.hu\/wp-content\/uploads\/2020\/08\/bmw-x1-und-x2-xdrive25e-1536x864.jpg 1536w\" sizes=\"(max-width: 1920px) 100vw, 1920px\" \/>\t\t\t\t\t<\/div>\n\t\t\t\t\t\t\t\t\t\t<a class=\"wd-fill\" tabindex=\"-1\" href=\"https:\/\/www.eautotoltokabel.hu\/eauto\/bmw\/bmw-x1-xdrive25e\/\" aria-label=\"Link on post BMW X1 xDrive25e | Plug-in Hybrid Aut\u00f3 T\u00f6lt\u0151k\u00e1bel\"><\/a>\n\t\t\t\t\n\t\t\t\t\t\t\t\t\t\t\t\t<div class=\"wd-post-date wd-style-with-bg\">\n\t\t\t\t<span class=\"post-date-day\">\n\t\t\t\t\t04\t\t\t\t<\/span>\n\t\t\t\t<span class=\"post-date-month\">\n\t\t\t\t\taug\t\t\t\t<\/span>\n\t\t\t<\/div>\n\t\t\t\t\t\t\t\t\t<\/div>\n\t\t\n\t\t<div class=\"wd-post-content article-body-container\">\n\t\t\t\t\t\t\t<div class=\"wd-post-cat wd-style-with-bg meta-post-categories\">\n\t\t\t\t\t<a href=\"https:\/\/www.eautotoltokabel.hu\/kategoria\/eauto\/bmw\/\" rel=\"category tag\">BMW<\/a>\t\t\t\t<\/div>\n\t\t\t\n\t\t\t\t\t\t\t<h3 class=\"wd-post-title wd-entities-title title post-title\">\n\t\t\t\t\t<a href=\"https:\/\/www.eautotoltokabel.hu\/eauto\/bmw\/bmw-x1-xdrive25e\/\" rel=\"bookmark\">BMW X1 xDrive25e | Plug-in Hybrid Aut\u00f3 T\u00f6lt\u0151k\u00e1bel<\/a>\n\t\t\t\t<\/h3>\n\t\t\t\n\t\t\t\t\t\t\t<div class=\"wd-post-meta\">\n\t\t\t\t\t\t\t\t\t\t\t\t\t\t\t<div class=\"wd-post-author\">\n\t\t\t\t\t\t\t\t\t\t\t<span>Megosztotta<\/span>\n\t\t\n\t\t\t\t\t<img alt='author-avatar' src='https:\/\/secure.gravatar.com\/avatar\/99efd453091a748494c79557cfaf43dc21f04460b10a151cf2a639808beff2cd?s=18&#038;d=mm&#038;r=g' srcset='https:\/\/secure.gravatar.com\/avatar\/99efd453091a748494c79557cfaf43dc21f04460b10a151cf2a639808beff2cd?s=36&#038;d=mm&#038;r=g 2x' class='avatar avatar-18 photo' height='18' width='18' decoding='async'\/>\t\t\n\t\t\t\t\t<a href=\"https:\/\/www.eautotoltokabel.hu\/author\/izuka0426\/\" class=\"author\" rel=\"author\">Iza<\/a>\n\t\t\t\t\t\t\t\t\t<\/div>\n\t\t\t\t\t<div class=\"wd-modified-date\">\n\t\t\t\t\t\t\t\t<time class=\"updated\" datetime=\"2025-03-19T09:30:39+01:00\">\n\t\t\t2025.03.19.\t\t<\/time>\n\t\t\t\t\t\t\t<\/div>\n\n\t\t\t\t\t\t\t\t\t\t\t<div tabindex=\"0\" class=\"wd-post-share wd-tltp\">\n\t\t\t\t\t\t\t<div class=\"tooltip top\">\n\t\t\t\t\t\t\t\t<div class=\"tooltip-inner\">\n\t\t\t\t\t\t\t\t\t\t\t\t<div\n\t\t\t\t\t\tclass=\" wd-social-icons  wd-style-default wd-size-small social-share wd-shape-circle color-scheme-light text-center\">\n\t\t\t\t\n\t\t\t\t\n\t\t\t\t\t\t\t\t\t<a rel=\"noopener noreferrer nofollow\" href=\"https:\/\/www.facebook.com\/sharer\/sharer.php?u=https:\/\/www.eautotoltokabel.hu\/bejegyzesek\/\" target=\"_blank\" class=\" wd-social-icon social-facebook\" aria-label=\"Facebook social link\">\n\t\t\t\t\t\t<span class=\"wd-icon\"><\/span>\n\t\t\t\t\t\t\t\t\t\t\t<\/a>\n\t\t\t\t\n\t\t\t\t\t\t\t\t\t<a rel=\"noopener noreferrer nofollow\" href=\"https:\/\/x.com\/share?url=https:\/\/www.eautotoltokabel.hu\/bejegyzesek\/\" target=\"_blank\" class=\" wd-social-icon social-twitter\" aria-label=\"X social link\">\n\t\t\t\t\t\t<span class=\"wd-icon\"><\/span>\n\t\t\t\t\t\t\t\t\t\t\t<\/a>\n\t\t\t\t\n\t\t\t\t\n\t\t\t\t\n\t\t\t\t\n\t\t\t\t\n\t\t\t\t\n\t\t\t\t\t\t\t\t\t<a rel=\"noopener noreferrer nofollow\" href=\"https:\/\/pinterest.com\/pin\/create\/button\/?url=https:\/\/www.eautotoltokabel.hu\/bejegyzesek\/&media=https:\/\/www.eautotoltokabel.hu\/wp-content\/uploads\/2020\/08\/bmw-x1-und-x2-xdrive25e.jpg&description=BMW+X1+xDrive25e+%7C+Plug-in+Hybrid+Aut%C3%B3+T%C3%B6lt%C5%91k%C3%A1bel\" target=\"_blank\" class=\" wd-social-icon social-pinterest\" aria-label=\"Pinterest social link\">\n\t\t\t\t\t\t<span class=\"wd-icon\"><\/span>\n\t\t\t\t\t\t\t\t\t\t\t<\/a>\n\t\t\t\t\n\t\t\t\t\n\t\t\t\t\t\t\t\t\t<a rel=\"noopener noreferrer nofollow\" href=\"https:\/\/www.linkedin.com\/shareArticle?mini=true&url=https:\/\/www.eautotoltokabel.hu\/bejegyzesek\/\" target=\"_blank\" class=\" wd-social-icon social-linkedin\" aria-label=\"Linkedin social link\">\n\t\t\t\t\t\t<span class=\"wd-icon\"><\/span>\n\t\t\t\t\t\t\t\t\t\t\t<\/a>\n\t\t\t\t\n\t\t\t\t\n\t\t\t\t\n\t\t\t\t\n\t\t\t\t\n\t\t\t\t\n\t\t\t\t\n\t\t\t\t\n\t\t\t\t\n\t\t\t\t\n\t\t\t\t\n\t\t\t\t\n\t\t\t\t\n\t\t\t\t\n\t\t\t\t\n\t\t\t\t\t\t\t\t\t<a rel=\"noopener noreferrer nofollow\" href=\"https:\/\/telegram.me\/share\/url?url=https:\/\/www.eautotoltokabel.hu\/bejegyzesek\/\" target=\"_blank\" class=\" wd-social-icon social-tg\" aria-label=\"Telegram social link\">\n\t\t\t\t\t\t<span class=\"wd-icon\"><\/span>\n\t\t\t\t\t\t\t\t\t\t\t<\/a>\n\t\t\t\t\n\t\t\t\t\n\t\t\t<\/div>\n\n\t\t\t\t\t\t\t\t\t\t<\/div>\n\t\t\t\t\t\t\t\t<div class=\"tooltip-arrow\"><\/div>\n\t\t\t\t\t\t\t<\/div>\n\t\t\t\t\t\t<\/div>\n\t\t\t\t\t\n\t\t\t\t\t\t\t\t\t<\/div>\n\t\t\t\n\t\t\t\t\t\t\t\t\t\t\t\t<div class=\"wd-post-excerpt entry-content\">\n\t\t\t\t\t\tBMW X1 xDrive25e\r\n\r\n\r\n\r\nT\u00edpus\r\n\t\t\t\t\t<\/div>\n\t\t\t\t\n\t\t\t\t\t\t\t\t\t\t\t\t\t\t<div class=\"wd-post-read-more wd-style-link read-more-section\">\n\t\t\t\t\t\t<a class=\"\" href=\"https:\/\/www.eautotoltokabel.hu\/eauto\/bmw\/bmw-x1-xdrive25e\/\">Folytatom az olvas\u00e1st<\/a>\t\t\t\t\t<\/div>\n\t\t\t\t\t\t\t\t\t\t\t\t\t<\/div>\n\t<\/div>\n<\/article>\n\n\t\t\t\t\t\t\t\t\t\t\t\n<article id=\"post-10437\" class=\"wd-post blog-design-masonry blog-post-loop blog-style-bg wd-add-shadow wd-col post-10437 post type-post status-publish format-standard has-post-thumbnail hentry category-bmw tag-bmw-i8\">\n\t<div class=\"wd-post-inner article-inner\">\n\t\t\t\t\t<div class=\"wd-post-thumb entry-header\">\n\t\t\t\t\t\t\t\t\t<div class=\"wd-post-img post-img-wrapp\">\n\t\t\t\t\t\t<img width=\"1959\" height=\"1102\" src=\"https:\/\/www.eautotoltokabel.hu\/wp-content\/uploads\/2020\/08\/bmw_i8.jpg\" class=\"attachment- size-\" alt=\"BMW i8 Roadster\" decoding=\"async\" srcset=\"https:\/\/www.eautotoltokabel.hu\/wp-content\/uploads\/2020\/08\/bmw_i8.jpg 1959w, https:\/\/www.eautotoltokabel.hu\/wp-content\/uploads\/2020\/08\/bmw_i8-150x84.jpg 150w, https:\/\/www.eautotoltokabel.hu\/wp-content\/uploads\/2020\/08\/bmw_i8-920x518.jpg 920w, https:\/\/www.eautotoltokabel.hu\/wp-content\/uploads\/2020\/08\/bmw_i8-300x169.jpg 300w, https:\/\/www.eautotoltokabel.hu\/wp-content\/uploads\/2020\/08\/bmw_i8-1024x576.jpg 1024w, https:\/\/www.eautotoltokabel.hu\/wp-content\/uploads\/2020\/08\/bmw_i8-768x432.jpg 768w, https:\/\/www.eautotoltokabel.hu\/wp-content\/uploads\/2020\/08\/bmw_i8-1536x864.jpg 1536w\" sizes=\"(max-width: 1959px) 100vw, 1959px\" \/>\t\t\t\t\t<\/div>\n\t\t\t\t\t\t\t\t\t\t<a class=\"wd-fill\" tabindex=\"-1\" href=\"https:\/\/www.eautotoltokabel.hu\/eauto\/bmw\/bmw-i8-roadster\/\" aria-label=\"Link on post BMW i8 Roadster | Plug-in Hybrid Aut\u00f3 T\u00f6lt\u0151k\u00e1bel\"><\/a>\n\t\t\t\t\n\t\t\t\t\t\t\t\t\t\t\t\t<div class=\"wd-post-date wd-style-with-bg\">\n\t\t\t\t<span class=\"post-date-day\">\n\t\t\t\t\t04\t\t\t\t<\/span>\n\t\t\t\t<span class=\"post-date-month\">\n\t\t\t\t\taug\t\t\t\t<\/span>\n\t\t\t<\/div>\n\t\t\t\t\t\t\t\t\t<\/div>\n\t\t\n\t\t<div class=\"wd-post-content article-body-container\">\n\t\t\t\t\t\t\t<div class=\"wd-post-cat wd-style-with-bg meta-post-categories\">\n\t\t\t\t\t<a href=\"https:\/\/www.eautotoltokabel.hu\/kategoria\/eauto\/bmw\/\" rel=\"category tag\">BMW<\/a>\t\t\t\t<\/div>\n\t\t\t\n\t\t\t\t\t\t\t<h3 class=\"wd-post-title wd-entities-title title post-title\">\n\t\t\t\t\t<a href=\"https:\/\/www.eautotoltokabel.hu\/eauto\/bmw\/bmw-i8-roadster\/\" rel=\"bookmark\">BMW i8 Roadster | Plug-in Hybrid Aut\u00f3 T\u00f6lt\u0151k\u00e1bel<\/a>\n\t\t\t\t<\/h3>\n\t\t\t\n\t\t\t\t\t\t\t<div class=\"wd-post-meta\">\n\t\t\t\t\t\t\t\t\t\t\t\t\t\t\t<div class=\"wd-post-author\">\n\t\t\t\t\t\t\t\t\t\t\t<span>Megosztotta<\/span>\n\t\t\n\t\t\t\t\t<img alt='author-avatar' src='https:\/\/secure.gravatar.com\/avatar\/99efd453091a748494c79557cfaf43dc21f04460b10a151cf2a639808beff2cd?s=18&#038;d=mm&#038;r=g' srcset='https:\/\/secure.gravatar.com\/avatar\/99efd453091a748494c79557cfaf43dc21f04460b10a151cf2a639808beff2cd?s=36&#038;d=mm&#038;r=g 2x' class='avatar avatar-18 photo' height='18' width='18' decoding='async'\/>\t\t\n\t\t\t\t\t<a href=\"https:\/\/www.eautotoltokabel.hu\/author\/izuka0426\/\" class=\"author\" rel=\"author\">Iza<\/a>\n\t\t\t\t\t\t\t\t\t<\/div>\n\t\t\t\t\t<div class=\"wd-modified-date\">\n\t\t\t\t\t\t\t\t<time class=\"updated\" datetime=\"2025-03-19T09:30:36+01:00\">\n\t\t\t2025.03.19.\t\t<\/time>\n\t\t\t\t\t\t\t<\/div>\n\n\t\t\t\t\t\t\t\t\t\t\t<div tabindex=\"0\" class=\"wd-post-share wd-tltp\">\n\t\t\t\t\t\t\t<div class=\"tooltip top\">\n\t\t\t\t\t\t\t\t<div class=\"tooltip-inner\">\n\t\t\t\t\t\t\t\t\t\t\t\t<div\n\t\t\t\t\t\tclass=\" wd-social-icons  wd-style-default wd-size-small social-share wd-shape-circle color-scheme-light text-center\">\n\t\t\t\t\n\t\t\t\t\n\t\t\t\t\t\t\t\t\t<a rel=\"noopener noreferrer nofollow\" href=\"https:\/\/www.facebook.com\/sharer\/sharer.php?u=https:\/\/www.eautotoltokabel.hu\/bejegyzesek\/\" target=\"_blank\" class=\" wd-social-icon social-facebook\" aria-label=\"Facebook social link\">\n\t\t\t\t\t\t<span class=\"wd-icon\"><\/span>\n\t\t\t\t\t\t\t\t\t\t\t<\/a>\n\t\t\t\t\n\t\t\t\t\t\t\t\t\t<a rel=\"noopener noreferrer nofollow\" href=\"https:\/\/x.com\/share?url=https:\/\/www.eautotoltokabel.hu\/bejegyzesek\/\" target=\"_blank\" class=\" wd-social-icon social-twitter\" aria-label=\"X social link\">\n\t\t\t\t\t\t<span class=\"wd-icon\"><\/span>\n\t\t\t\t\t\t\t\t\t\t\t<\/a>\n\t\t\t\t\n\t\t\t\t\n\t\t\t\t\n\t\t\t\t\n\t\t\t\t\n\t\t\t\t\n\t\t\t\t\t\t\t\t\t<a rel=\"noopener noreferrer nofollow\" href=\"https:\/\/pinterest.com\/pin\/create\/button\/?url=https:\/\/www.eautotoltokabel.hu\/bejegyzesek\/&media=https:\/\/www.eautotoltokabel.hu\/wp-content\/uploads\/2020\/08\/bmw_i8.jpg&description=BMW+i8+Roadster+%7C+Plug-in+Hybrid+Aut%C3%B3+T%C3%B6lt%C5%91k%C3%A1bel\" target=\"_blank\" class=\" wd-social-icon social-pinterest\" aria-label=\"Pinterest social link\">\n\t\t\t\t\t\t<span class=\"wd-icon\"><\/span>\n\t\t\t\t\t\t\t\t\t\t\t<\/a>\n\t\t\t\t\n\t\t\t\t\n\t\t\t\t\t\t\t\t\t<a rel=\"noopener noreferrer nofollow\" href=\"https:\/\/www.linkedin.com\/shareArticle?mini=true&url=https:\/\/www.eautotoltokabel.hu\/bejegyzesek\/\" target=\"_blank\" class=\" wd-social-icon social-linkedin\" aria-label=\"Linkedin social link\">\n\t\t\t\t\t\t<span class=\"wd-icon\"><\/span>\n\t\t\t\t\t\t\t\t\t\t\t<\/a>\n\t\t\t\t\n\t\t\t\t\n\t\t\t\t\n\t\t\t\t\n\t\t\t\t\n\t\t\t\t\n\t\t\t\t\n\t\t\t\t\n\t\t\t\t\n\t\t\t\t\n\t\t\t\t\n\t\t\t\t\n\t\t\t\t\n\t\t\t\t\n\t\t\t\t\n\t\t\t\t\t\t\t\t\t<a rel=\"noopener noreferrer nofollow\" href=\"https:\/\/telegram.me\/share\/url?url=https:\/\/www.eautotoltokabel.hu\/bejegyzesek\/\" target=\"_blank\" class=\" wd-social-icon social-tg\" aria-label=\"Telegram social link\">\n\t\t\t\t\t\t<span class=\"wd-icon\"><\/span>\n\t\t\t\t\t\t\t\t\t\t\t<\/a>\n\t\t\t\t\n\t\t\t\t\n\t\t\t<\/div>\n\n\t\t\t\t\t\t\t\t\t\t<\/div>\n\t\t\t\t\t\t\t\t<div class=\"tooltip-arrow\"><\/div>\n\t\t\t\t\t\t\t<\/div>\n\t\t\t\t\t\t<\/div>\n\t\t\t\t\t\n\t\t\t\t\t\t\t\t\t<\/div>\n\t\t\t\n\t\t\t\t\t\t\t\t\t\t\t\t<div class=\"wd-post-excerpt entry-content\">\n\t\t\t\t\t\tBMW i8 Roadster\r\n\r\n\r\n\r\nT\u00edpus\r\n\t\t\t\t\t<\/div>\n\t\t\t\t\n\t\t\t\t\t\t\t\t\t\t\t\t\t\t<div class=\"wd-post-read-more wd-style-link read-more-section\">\n\t\t\t\t\t\t<a class=\"\" href=\"https:\/\/www.eautotoltokabel.hu\/eauto\/bmw\/bmw-i8-roadster\/\">Folytatom az olvas\u00e1st<\/a>\t\t\t\t\t<\/div>\n\t\t\t\t\t\t\t\t\t\t\t\t\t<\/div>\n\t<\/div>\n<\/article>\n\n\t\t\t\t\t\t\t\t\t\t\t\n<article id=\"post-10430\" class=\"wd-post blog-design-masonry blog-post-loop blog-style-bg wd-add-shadow wd-col post-10430 post type-post status-publish format-standard has-post-thumbnail hentry category-bmw tag-bmw-i3\">\n\t<div class=\"wd-post-inner article-inner\">\n\t\t\t\t\t<div class=\"wd-post-thumb entry-header\">\n\t\t\t\t\t\t\t\t\t<div class=\"wd-post-img post-img-wrapp\">\n\t\t\t\t\t\t<img width=\"1024\" height=\"614\" src=\"https:\/\/www.eautotoltokabel.hu\/wp-content\/uploads\/2020\/08\/bmw-i3-wallbox-elbil-el-laddning-laddstation-hedinbil-hedin-bavaria-mini-sverige-sida.jpg\" class=\"attachment- size-\" alt=\"tesla model x \u00e9s model y long range elektromos aut\u00f3 hat\u00f3t\u00e1v \u00e9s hat\u00f3t\u00e1vja kwh-ban \u00e9rdemes sz\u00e1molni, ak\u00e1r bmw \u00e9s ford, vagy audi modelleket is figyelembe vehet\u00fcnk\" decoding=\"async\" srcset=\"https:\/\/www.eautotoltokabel.hu\/wp-content\/uploads\/2020\/08\/bmw-i3-wallbox-elbil-el-laddning-laddstation-hedinbil-hedin-bavaria-mini-sverige-sida.jpg 1024w, https:\/\/www.eautotoltokabel.hu\/wp-content\/uploads\/2020\/08\/bmw-i3-wallbox-elbil-el-laddning-laddstation-hedinbil-hedin-bavaria-mini-sverige-sida-150x90.jpg 150w, https:\/\/www.eautotoltokabel.hu\/wp-content\/uploads\/2020\/08\/bmw-i3-wallbox-elbil-el-laddning-laddstation-hedinbil-hedin-bavaria-mini-sverige-sida-920x552.jpg 920w, https:\/\/www.eautotoltokabel.hu\/wp-content\/uploads\/2020\/08\/bmw-i3-wallbox-elbil-el-laddning-laddstation-hedinbil-hedin-bavaria-mini-sverige-sida-300x180.jpg 300w, https:\/\/www.eautotoltokabel.hu\/wp-content\/uploads\/2020\/08\/bmw-i3-wallbox-elbil-el-laddning-laddstation-hedinbil-hedin-bavaria-mini-sverige-sida-768x461.jpg 768w\" sizes=\"(max-width: 1024px) 100vw, 1024px\" \/>\t\t\t\t\t<\/div>\n\t\t\t\t\t\t\t\t\t\t<a class=\"wd-fill\" tabindex=\"-1\" href=\"https:\/\/www.eautotoltokabel.hu\/eauto\/bmw\/bmw-i3s-120ah\/\" aria-label=\"Link on post BMW i3s 120AH | Elektromos Aut\u00f3 T\u00f6lt\u0151k\u00e1bel\"><\/a>\n\t\t\t\t\n\t\t\t\t\t\t\t\t\t\t\t\t<div class=\"wd-post-date wd-style-with-bg\">\n\t\t\t\t<span class=\"post-date-day\">\n\t\t\t\t\t04\t\t\t\t<\/span>\n\t\t\t\t<span class=\"post-date-month\">\n\t\t\t\t\taug\t\t\t\t<\/span>\n\t\t\t<\/div>\n\t\t\t\t\t\t\t\t\t<\/div>\n\t\t\n\t\t<div class=\"wd-post-content article-body-container\">\n\t\t\t\t\t\t\t<div class=\"wd-post-cat wd-style-with-bg meta-post-categories\">\n\t\t\t\t\t<a href=\"https:\/\/www.eautotoltokabel.hu\/kategoria\/eauto\/bmw\/\" rel=\"category tag\">BMW<\/a>\t\t\t\t<\/div>\n\t\t\t\n\t\t\t\t\t\t\t<h3 class=\"wd-post-title wd-entities-title title post-title\">\n\t\t\t\t\t<a href=\"https:\/\/www.eautotoltokabel.hu\/eauto\/bmw\/bmw-i3s-120ah\/\" rel=\"bookmark\">BMW i3s 120AH | Elektromos Aut\u00f3 T\u00f6lt\u0151k\u00e1bel<\/a>\n\t\t\t\t<\/h3>\n\t\t\t\n\t\t\t\t\t\t\t<div class=\"wd-post-meta\">\n\t\t\t\t\t\t\t\t\t\t\t\t\t\t\t<div class=\"wd-post-author\">\n\t\t\t\t\t\t\t\t\t\t\t<span>Megosztotta<\/span>\n\t\t\n\t\t\t\t\t<img alt='author-avatar' src='https:\/\/secure.gravatar.com\/avatar\/99efd453091a748494c79557cfaf43dc21f04460b10a151cf2a639808beff2cd?s=18&#038;d=mm&#038;r=g' srcset='https:\/\/secure.gravatar.com\/avatar\/99efd453091a748494c79557cfaf43dc21f04460b10a151cf2a639808beff2cd?s=36&#038;d=mm&#038;r=g 2x' class='avatar avatar-18 photo' height='18' width='18' decoding='async'\/>\t\t\n\t\t\t\t\t<a href=\"https:\/\/www.eautotoltokabel.hu\/author\/izuka0426\/\" class=\"author\" rel=\"author\">Iza<\/a>\n\t\t\t\t\t\t\t\t\t<\/div>\n\t\t\t\t\t<div class=\"wd-modified-date\">\n\t\t\t\t\t\t\t\t<time class=\"updated\" datetime=\"2025-03-19T09:30:30+01:00\">\n\t\t\t2025.03.19.\t\t<\/time>\n\t\t\t\t\t\t\t<\/div>\n\n\t\t\t\t\t\t\t\t\t\t\t<div tabindex=\"0\" class=\"wd-post-share wd-tltp\">\n\t\t\t\t\t\t\t<div class=\"tooltip top\">\n\t\t\t\t\t\t\t\t<div class=\"tooltip-inner\">\n\t\t\t\t\t\t\t\t\t\t\t\t<div\n\t\t\t\t\t\tclass=\" wd-social-icons  wd-style-default wd-size-small social-share wd-shape-circle color-scheme-light text-center\">\n\t\t\t\t\n\t\t\t\t\n\t\t\t\t\t\t\t\t\t<a rel=\"noopener noreferrer nofollow\" href=\"https:\/\/www.facebook.com\/sharer\/sharer.php?u=https:\/\/www.eautotoltokabel.hu\/bejegyzesek\/\" target=\"_blank\" class=\" wd-social-icon social-facebook\" aria-label=\"Facebook social link\">\n\t\t\t\t\t\t<span class=\"wd-icon\"><\/span>\n\t\t\t\t\t\t\t\t\t\t\t<\/a>\n\t\t\t\t\n\t\t\t\t\t\t\t\t\t<a rel=\"noopener noreferrer nofollow\" href=\"https:\/\/x.com\/share?url=https:\/\/www.eautotoltokabel.hu\/bejegyzesek\/\" target=\"_blank\" class=\" wd-social-icon social-twitter\" aria-label=\"X social link\">\n\t\t\t\t\t\t<span class=\"wd-icon\"><\/span>\n\t\t\t\t\t\t\t\t\t\t\t<\/a>\n\t\t\t\t\n\t\t\t\t\n\t\t\t\t\n\t\t\t\t\n\t\t\t\t\n\t\t\t\t\n\t\t\t\t\t\t\t\t\t<a rel=\"noopener noreferrer nofollow\" href=\"https:\/\/pinterest.com\/pin\/create\/button\/?url=https:\/\/www.eautotoltokabel.hu\/bejegyzesek\/&media=https:\/\/www.eautotoltokabel.hu\/wp-content\/uploads\/2020\/08\/bmw-i3-wallbox-elbil-el-laddning-laddstation-hedinbil-hedin-bavaria-mini-sverige-sida.jpg&description=BMW+i3s+120AH+%7C+Elektromos+Aut%C3%B3+T%C3%B6lt%C5%91k%C3%A1bel\" target=\"_blank\" class=\" wd-social-icon social-pinterest\" aria-label=\"Pinterest social link\">\n\t\t\t\t\t\t<span class=\"wd-icon\"><\/span>\n\t\t\t\t\t\t\t\t\t\t\t<\/a>\n\t\t\t\t\n\t\t\t\t\n\t\t\t\t\t\t\t\t\t<a rel=\"noopener noreferrer nofollow\" href=\"https:\/\/www.linkedin.com\/shareArticle?mini=true&url=https:\/\/www.eautotoltokabel.hu\/bejegyzesek\/\" target=\"_blank\" class=\" wd-social-icon social-linkedin\" aria-label=\"Linkedin social link\">\n\t\t\t\t\t\t<span class=\"wd-icon\"><\/span>\n\t\t\t\t\t\t\t\t\t\t\t<\/a>\n\t\t\t\t\n\t\t\t\t\n\t\t\t\t\n\t\t\t\t\n\t\t\t\t\n\t\t\t\t\n\t\t\t\t\n\t\t\t\t\n\t\t\t\t\n\t\t\t\t\n\t\t\t\t\n\t\t\t\t\n\t\t\t\t\n\t\t\t\t\n\t\t\t\t\n\t\t\t\t\t\t\t\t\t<a rel=\"noopener noreferrer nofollow\" href=\"https:\/\/telegram.me\/share\/url?url=https:\/\/www.eautotoltokabel.hu\/bejegyzesek\/\" target=\"_blank\" class=\" wd-social-icon social-tg\" aria-label=\"Telegram social link\">\n\t\t\t\t\t\t<span class=\"wd-icon\"><\/span>\n\t\t\t\t\t\t\t\t\t\t\t<\/a>\n\t\t\t\t\n\t\t\t\t\n\t\t\t<\/div>\n\n\t\t\t\t\t\t\t\t\t\t<\/div>\n\t\t\t\t\t\t\t\t<div class=\"tooltip-arrow\"><\/div>\n\t\t\t\t\t\t\t<\/div>\n\t\t\t\t\t\t<\/div>\n\t\t\t\t\t\n\t\t\t\t\t\t\t\t\t<\/div>\n\t\t\t\n\t\t\t\t\t\t\t\t\t\t\t\t<div class=\"wd-post-excerpt entry-content\">\n\t\t\t\t\t\tBMW i3s 120AH\r\n\r\n\r\n\r\nT\u00edpus\r\n\t\t\t\t\t<\/div>\n\t\t\t\t\n\t\t\t\t\t\t\t\t\t\t\t\t\t\t<div class=\"wd-post-read-more wd-style-link read-more-section\">\n\t\t\t\t\t\t<a class=\"\" href=\"https:\/\/www.eautotoltokabel.hu\/eauto\/bmw\/bmw-i3s-120ah\/\">Folytatom az olvas\u00e1st<\/a>\t\t\t\t\t<\/div>\n\t\t\t\t\t\t\t\t\t\t\t\t\t<\/div>\n\t<\/div>\n<\/article>\n\n\t\t\t\t\t\t\t\t\t\t\t\n<article id=\"post-10427\" class=\"wd-post blog-design-masonry blog-post-loop blog-style-bg wd-add-shadow wd-col post-10427 post type-post status-publish format-standard has-post-thumbnail hentry category-bmw tag-bmw-740e\">\n\t<div class=\"wd-post-inner article-inner\">\n\t\t\t\t\t<div class=\"wd-post-thumb entry-header\">\n\t\t\t\t\t\t\t\t\t<div class=\"wd-post-img post-img-wrapp\">\n\t\t\t\t\t\t<img width=\"2400\" height=\"1600\" src=\"https:\/\/www.eautotoltokabel.hu\/wp-content\/uploads\/2020\/08\/BMW-745e.jpg\" class=\"attachment- size-\" alt=\"BMW 745e\" decoding=\"async\" srcset=\"https:\/\/www.eautotoltokabel.hu\/wp-content\/uploads\/2020\/08\/BMW-745e.jpg 2400w, https:\/\/www.eautotoltokabel.hu\/wp-content\/uploads\/2020\/08\/BMW-745e-150x100.jpg 150w, https:\/\/www.eautotoltokabel.hu\/wp-content\/uploads\/2020\/08\/BMW-745e-920x613.jpg 920w, https:\/\/www.eautotoltokabel.hu\/wp-content\/uploads\/2020\/08\/BMW-745e-300x200.jpg 300w, https:\/\/www.eautotoltokabel.hu\/wp-content\/uploads\/2020\/08\/BMW-745e-1024x683.jpg 1024w, https:\/\/www.eautotoltokabel.hu\/wp-content\/uploads\/2020\/08\/BMW-745e-768x512.jpg 768w, https:\/\/www.eautotoltokabel.hu\/wp-content\/uploads\/2020\/08\/BMW-745e-1536x1024.jpg 1536w, https:\/\/www.eautotoltokabel.hu\/wp-content\/uploads\/2020\/08\/BMW-745e-2048x1365.jpg 2048w\" sizes=\"(max-width: 2400px) 100vw, 2400px\" \/>\t\t\t\t\t<\/div>\n\t\t\t\t\t\t\t\t\t\t<a class=\"wd-fill\" tabindex=\"-1\" href=\"https:\/\/www.eautotoltokabel.hu\/eauto\/bmw\/bmw-745e\/\" aria-label=\"Link on post BMW 745e | Plug-in Hybrid Aut\u00f3 T\u00f6lt\u0151k\u00e1bel\"><\/a>\n\t\t\t\t\n\t\t\t\t\t\t\t\t\t\t\t\t<div class=\"wd-post-date wd-style-with-bg\">\n\t\t\t\t<span class=\"post-date-day\">\n\t\t\t\t\t04\t\t\t\t<\/span>\n\t\t\t\t<span class=\"post-date-month\">\n\t\t\t\t\taug\t\t\t\t<\/span>\n\t\t\t<\/div>\n\t\t\t\t\t\t\t\t\t<\/div>\n\t\t\n\t\t<div class=\"wd-post-content article-body-container\">\n\t\t\t\t\t\t\t<div class=\"wd-post-cat wd-style-with-bg meta-post-categories\">\n\t\t\t\t\t<a href=\"https:\/\/www.eautotoltokabel.hu\/kategoria\/eauto\/bmw\/\" rel=\"category tag\">BMW<\/a>\t\t\t\t<\/div>\n\t\t\t\n\t\t\t\t\t\t\t<h3 class=\"wd-post-title wd-entities-title title post-title\">\n\t\t\t\t\t<a href=\"https:\/\/www.eautotoltokabel.hu\/eauto\/bmw\/bmw-745e\/\" rel=\"bookmark\">BMW 745e | Plug-in Hybrid Aut\u00f3 T\u00f6lt\u0151k\u00e1bel<\/a>\n\t\t\t\t<\/h3>\n\t\t\t\n\t\t\t\t\t\t\t<div class=\"wd-post-meta\">\n\t\t\t\t\t\t\t\t\t\t\t\t\t\t\t<div class=\"wd-post-author\">\n\t\t\t\t\t\t\t\t\t\t\t<span>Megosztotta<\/span>\n\t\t\n\t\t\t\t\t<img alt='author-avatar' src='https:\/\/secure.gravatar.com\/avatar\/99efd453091a748494c79557cfaf43dc21f04460b10a151cf2a639808beff2cd?s=18&#038;d=mm&#038;r=g' srcset='https:\/\/secure.gravatar.com\/avatar\/99efd453091a748494c79557cfaf43dc21f04460b10a151cf2a639808beff2cd?s=36&#038;d=mm&#038;r=g 2x' class='avatar avatar-18 photo' height='18' width='18' decoding='async'\/>\t\t\n\t\t\t\t\t<a href=\"https:\/\/www.eautotoltokabel.hu\/author\/izuka0426\/\" class=\"author\" rel=\"author\">Iza<\/a>\n\t\t\t\t\t\t\t\t\t<\/div>\n\t\t\t\t\t<div class=\"wd-modified-date\">\n\t\t\t\t\t\t\t\t<time class=\"updated\" datetime=\"2025-03-19T09:30:27+01:00\">\n\t\t\t2025.03.19.\t\t<\/time>\n\t\t\t\t\t\t\t<\/div>\n\n\t\t\t\t\t\t\t\t\t\t\t<div tabindex=\"0\" class=\"wd-post-share wd-tltp\">\n\t\t\t\t\t\t\t<div class=\"tooltip top\">\n\t\t\t\t\t\t\t\t<div class=\"tooltip-inner\">\n\t\t\t\t\t\t\t\t\t\t\t\t<div\n\t\t\t\t\t\tclass=\" wd-social-icons  wd-style-default wd-size-small social-share wd-shape-circle color-scheme-light text-center\">\n\t\t\t\t\n\t\t\t\t\n\t\t\t\t\t\t\t\t\t<a rel=\"noopener noreferrer nofollow\" href=\"https:\/\/www.facebook.com\/sharer\/sharer.php?u=https:\/\/www.eautotoltokabel.hu\/bejegyzesek\/\" target=\"_blank\" class=\" wd-social-icon social-facebook\" aria-label=\"Facebook social link\">\n\t\t\t\t\t\t<span class=\"wd-icon\"><\/span>\n\t\t\t\t\t\t\t\t\t\t\t<\/a>\n\t\t\t\t\n\t\t\t\t\t\t\t\t\t<a rel=\"noopener noreferrer nofollow\" href=\"https:\/\/x.com\/share?url=https:\/\/www.eautotoltokabel.hu\/bejegyzesek\/\" target=\"_blank\" class=\" wd-social-icon social-twitter\" aria-label=\"X social link\">\n\t\t\t\t\t\t<span class=\"wd-icon\"><\/span>\n\t\t\t\t\t\t\t\t\t\t\t<\/a>\n\t\t\t\t\n\t\t\t\t\n\t\t\t\t\n\t\t\t\t\n\t\t\t\t\n\t\t\t\t\n\t\t\t\t\t\t\t\t\t<a rel=\"noopener noreferrer nofollow\" href=\"https:\/\/pinterest.com\/pin\/create\/button\/?url=https:\/\/www.eautotoltokabel.hu\/bejegyzesek\/&media=https:\/\/www.eautotoltokabel.hu\/wp-content\/uploads\/2020\/08\/BMW-745e.jpg&description=BMW+745e+%7C+Plug-in+Hybrid+Aut%C3%B3+T%C3%B6lt%C5%91k%C3%A1bel\" target=\"_blank\" class=\" wd-social-icon social-pinterest\" aria-label=\"Pinterest social link\">\n\t\t\t\t\t\t<span class=\"wd-icon\"><\/span>\n\t\t\t\t\t\t\t\t\t\t\t<\/a>\n\t\t\t\t\n\t\t\t\t\n\t\t\t\t\t\t\t\t\t<a rel=\"noopener noreferrer nofollow\" href=\"https:\/\/www.linkedin.com\/shareArticle?mini=true&url=https:\/\/www.eautotoltokabel.hu\/bejegyzesek\/\" target=\"_blank\" class=\" wd-social-icon social-linkedin\" aria-label=\"Linkedin social link\">\n\t\t\t\t\t\t<span class=\"wd-icon\"><\/span>\n\t\t\t\t\t\t\t\t\t\t\t<\/a>\n\t\t\t\t\n\t\t\t\t\n\t\t\t\t\n\t\t\t\t\n\t\t\t\t\n\t\t\t\t\n\t\t\t\t\n\t\t\t\t\n\t\t\t\t\n\t\t\t\t\n\t\t\t\t\n\t\t\t\t\n\t\t\t\t\n\t\t\t\t\n\t\t\t\t\n\t\t\t\t\t\t\t\t\t<a rel=\"noopener noreferrer nofollow\" href=\"https:\/\/telegram.me\/share\/url?url=https:\/\/www.eautotoltokabel.hu\/bejegyzesek\/\" target=\"_blank\" class=\" wd-social-icon social-tg\" aria-label=\"Telegram social link\">\n\t\t\t\t\t\t<span class=\"wd-icon\"><\/span>\n\t\t\t\t\t\t\t\t\t\t\t<\/a>\n\t\t\t\t\n\t\t\t\t\n\t\t\t<\/div>\n\n\t\t\t\t\t\t\t\t\t\t<\/div>\n\t\t\t\t\t\t\t\t<div class=\"tooltip-arrow\"><\/div>\n\t\t\t\t\t\t\t<\/div>\n\t\t\t\t\t\t<\/div>\n\t\t\t\t\t\n\t\t\t\t\t\t\t\t\t<\/div>\n\t\t\t\n\t\t\t\t\t\t\t\t\t\t\t\t<div class=\"wd-post-excerpt entry-content\">\n\t\t\t\t\t\tBMW 745e\r\n\r\n\r\n\r\nT\u00edpus\r\n\t\t\t\t\t<\/div>\n\t\t\t\t\n\t\t\t\t\t\t\t\t\t\t\t\t\t\t<div class=\"wd-post-read-more wd-style-link read-more-section\">\n\t\t\t\t\t\t<a class=\"\" href=\"https:\/\/www.eautotoltokabel.hu\/eauto\/bmw\/bmw-745e\/\">Folytatom az olvas\u00e1st<\/a>\t\t\t\t\t<\/div>\n\t\t\t\t\t\t\t\t\t\t\t\t\t<\/div>\n\t<\/div>\n<\/article>\n\n\t\t\t\t\t\n\t\t\t\t\t","status":"have-posts","nextPage":"https:\/\/www.eautotoltokabel.hu\/bejegyzesek\/page\/81\/?woo_ajax=1","currentPage":"https:\/\/www.eautotoltokabel.hu\/bejegyzesek\/page\/80"}